{"id":173110,"date":"2021-01-29T21:58:54","date_gmt":"2021-01-29T21:58:54","guid":{"rendered":"https:\/\/www.enteratever.com\/2023\/cierran-aproximadamente-200-comercios-en-el-mercado-poza-rica\/"},"modified":"2021-01-29T21:58:54","modified_gmt":"2021-01-29T21:58:54","slug":"cierran-aproximadamente-200-comercios-en-el-mercado-poza-rica","status":"publish","type":"post","link":"https:\/\/www.enteratever.com\/2023\/2021\/01\/29\/cierran-aproximadamente-200-comercios-en-el-mercado-poza-rica\/","title":{"rendered":"Cierran aproximadamente 200 comercios en el mercado Poza Rica"},"content":{"rendered":"<p>Visitas: 8<\/p>\n<p class=\"wp-block-paragraph\">Poza Rica, Veracruz.- Al menos 200 locales del marcado Poza Rica se encuentran en el abandono, esto debido a la crisis que se vive en el municipio ocasionada por la pandemia del Covid-19, as\u00ed lo dio a conocer Humberto San Rom\u00e1n Burgos, integrante de la uni\u00f3n de comerciantes.<\/p>\n\n\n\n<p class=\"wp-block-paragraph\">En entrevista manifest\u00f3 que en el mercado Poza Rica cuenta con un total de mil 50 locales del mercado, situaci\u00f3n que mantiene preocupados con el cierre de comercios, pues asegur\u00f3 que la actual administraci\u00f3n que est\u00e1 a cargo de Francisco Javier Vel\u00e1zquez Vallejo los tiene marginado, pues en el tiempo que llevan de pandemia no han visto un apoyo por parte de las autoridades.<\/p>\n\n\n\n<p class=\"wp-block-paragraph\">Por lo que los comerciantes ahorita est\u00e1n haciendo el pago del impuesto predial y algunos otros servicios, por lo que consideran injustos que a pesar de que cumplen con sus pagos en tiempo y forma la autoridades no los tomen en cuenta por el simple hecho de ser un mercado particular, pero para los pagos si los buscan, algunos de ellos tiene que buscar la forma de poder juntar su dinero para pagar a tiempo.<\/p>\n\n\n\n<p class=\"wp-block-paragraph\">Adem\u00e1s de que con los decretos que el gobierno estatal ha implementado como estrategia contra el covid-19, lo \u00fanico que ha generado que los comercios de la ciudad se vean afectados, pues el a\u00f1os pasado varios meses los obligaron a mantener sus cortinas abajo pues no eran considerados de primera necesidad y fue durante este tiempo cuando comenzaron los problemas econ\u00f3micos.<\/p>\n\n\n\n<p class=\"wp-block-paragraph\">Por lo que piden a las autoridades que en verdad se preocupen por los comerciantes del prime cuadro de la ciudad, pues no es posible que est\u00e9n trabajando en estas condiciones cuando, adem\u00e1s de que se registran varios problemas que tiene varios a\u00f1os y las autoridades se hacen de la vista gorda y hasta el momento no ven que hagan acciones a favor de ellos.<\/p>\n\n\n\n<figure class=\"wp-block-gallery columns-3 wp-block-gallery-1 is-layout-flex wp-block-gallery-is-layout-flex\"><ul class=\"blocks-gallery-grid\"><li class=\"blocks-gallery-item\"><figure><img decoding=\"async\" src=\"https:\/\/www.enteratever.com\/2020\/wp-content\/uploads\/2021\/01\/WhatsApp-Image-2021-01-29-at-15.18.38.jpeg\" alt=\"\" data-id=\"35403\" data-full-url=\"https:\/\/www.enteratever.com\/2020\/wp-content\/uploads\/2021\/01\/WhatsApp-Image-2021-01-29-at-15.18.38.jpeg\" data-link=\"https:\/\/www.enteratever.com\/?attachment_id=35403\" class=\"wp-image-35403\"\/><\/figure><\/li><li class=\"blocks-gallery-item\"><figure><img decoding=\"async\" src=\"https:\/\/www.enteratever.com\/2020\/wp-content\/uploads\/2021\/01\/WhatsApp-Image-2021-01-29-at-15.18.39.jpeg\" alt=\"\" data-id=\"35404\" data-full-url=\"https:\/\/www.enteratever.com\/2020\/wp-content\/uploads\/2021\/01\/WhatsApp-Image-2021-01-29-at-15.18.39.jpeg\" data-link=\"https:\/\/www.enteratever.com\/?attachment_id=35404\" class=\"wp-image-35404\"\/><\/figure><\/li><li class=\"blocks-gallery-item\"><figure><img decoding=\"async\" src=\"https:\/\/www.enteratever.com\/2020\/wp-content\/uploads\/2021\/01\/WhatsApp-Image-2021-01-29-at-15.18.40.jpeg\" alt=\"\" data-id=\"35405\" data-full-url=\"https:\/\/www.enteratever.com\/2020\/wp-content\/uploads\/2021\/01\/WhatsApp-Image-2021-01-29-at-15.18.40.jpeg\" data-link=\"https:\/\/www.enteratever.com\/?attachment_id=35405\" class=\"wp-image-35405\"\/><\/figure><\/li><li class=\"blocks-gallery-item\"><figure><img decoding=\"async\" src=\"https:\/\/www.enteratever.com\/2020\/wp-content\/uploads\/2021\/01\/WhatsApp-Image-2021-01-29-at-15.18.41.jpeg\" alt=\"\" data-id=\"35406\" data-full-url=\"https:\/\/www.enteratever.com\/2020\/wp-content\/uploads\/2021\/01\/WhatsApp-Image-2021-01-29-at-15.18.41.jpeg\" data-link=\"https:\/\/www.enteratever.com\/?attachment_id=35406\" class=\"wp-image-35406\"\/><\/figure><\/li><li class=\"blocks-gallery-item\"><figure><img decoding=\"async\" src=\"https:\/\/www.enteratever.com\/2020\/wp-content\/uploads\/2021\/01\/WhatsApp-Image-2021-01-29-at-15.18.42.jpeg\" alt=\"\" data-id=\"35407\" data-full-url=\"https:\/\/www.enteratever.com\/2020\/wp-content\/uploads\/2021\/01\/WhatsApp-Image-2021-01-29-at-15.18.42.jpeg\" data-link=\"https:\/\/www.enteratever.com\/?attachment_id=35407\" class=\"wp-image-35407\"\/><\/figure><\/li><li class=\"blocks-gallery-item\"><figure><img decoding=\"async\" src=\"https:\/\/www.enteratever.com\/2020\/wp-content\/uploads\/2021\/01\/WhatsApp-Image-2021-01-29-at-15.18.43.jpeg\" alt=\"\" data-id=\"35408\" data-full-url=\"https:\/\/www.enteratever.com\/2020\/wp-content\/uploads\/2021\/01\/WhatsApp-Image-2021-01-29-at-15.18.43.jpeg\" data-link=\"https:\/\/www.enteratever.com\/?attachment_id=35408\" class=\"wp-image-35408\"\/><\/figure><\/li><\/ul><\/figure>\n","protected":false},"excerpt":{"rendered":"<p>Visitas: 8 Poza Rica, Veracruz.- Al menos 200 locales del marcado Poza Rica se encuentran en el abandono, esto debido a la crisis que se vive en el municipio ocasionada por la pandemia del Covid-19, as\u00ed lo dio a conocer Humberto San Rom\u00e1n Burgos, integrante de la uni\u00f3n de comerciantes. En entrevista manifest\u00f3 que en [&hellip;]<\/p>\n","protected":false},"author":4,"featured_media":173111,"comment_status":"open","ping_status":"open","sticky":false,"template":"","format":"standard","meta":{"footnotes":""},"categories":[213],"tags":[],"class_list":["post-173110","post","type-post","status-publish","format-standard","has-post-thumbnail","category-poza-rica"],"nelio_content":{"isAutoShareEnabled":true,"autoShareEndMode":"never","automationSources":{"useCustomSentences":false,"customSentences":[]},"followers":[],"suggestedReferences":[],"efiUrl":"","efiAlt":"","highlights":[],"permalinkQueryArgs":[],"series":[]},"_links":{"self":[{"href":"https:\/\/www.enteratever.com\/2023\/wp-json\/wp\/v2\/posts\/173110","targetHints":{"allow":["GET"]}}],"collection":[{"href":"https:\/\/www.enteratever.com\/2023\/wp-json\/wp\/v2\/posts"}],"about":[{"href":"https:\/\/www.enteratever.com\/2023\/wp-json\/wp\/v2\/types\/post"}],"author":[{"embeddable":true,"href":"https:\/\/www.enteratever.com\/2023\/wp-json\/wp\/v2\/users\/4"}],"replies":[{"embeddable":true,"href":"https:\/\/www.enteratever.com\/2023\/wp-json\/wp\/v2\/comments?post=173110"}],"version-history":[{"count":0,"href":"https:\/\/www.enteratever.com\/2023\/wp-json\/wp\/v2\/posts\/173110\/revisions"}],"wp:featuredmedia":[{"embeddable":true,"href":"https:\/\/www.enteratever.com\/2023\/wp-json\/wp\/v2\/media\/173111"}],"wp:attachment":[{"href":"https:\/\/www.enteratever.com\/2023\/wp-json\/wp\/v2\/media?parent=173110"}],"wp:term":[{"taxonomy":"category","embeddable":true,"href":"https:\/\/www.enteratever.com\/2023\/wp-json\/wp\/v2\/categories?post=173110"},{"taxonomy":"post_tag","embeddable":true,"href":"https:\/\/www.enteratever.com\/2023\/wp-json\/wp\/v2\/tags?post=173110"}],"curies":[{"name":"wp","href":"https:\/\/api.w.org\/{rel}","templated":true}]}}