{"id":173108,"date":"2021-01-29T21:31:03","date_gmt":"2021-01-29T21:31:03","guid":{"rendered":"https:\/\/www.enteratever.com\/2023\/entregan-pago-a-personas-con-discapacidad-en-poza-rica\/"},"modified":"2021-01-29T21:31:03","modified_gmt":"2021-01-29T21:31:03","slug":"entregan-pago-a-personas-con-discapacidad-en-poza-rica","status":"publish","type":"post","link":"https:\/\/www.enteratever.com\/2023\/2021\/01\/29\/entregan-pago-a-personas-con-discapacidad-en-poza-rica\/","title":{"rendered":"Entregan pago a personas con discapacidad en Poza Rica"},"content":{"rendered":"<p>Visitas: 5<\/p>\n<p class=\"wp-block-paragraph\">957 personas con discapacidad de diferentes municipios de la zona norte recibieron el pago del beneficio que el gobierno federal les otorga cada bimestre, esto durante la ma\u00f1ana de este viernes 29 de enero, as\u00ed lo dio a conocer Emilio Olvera Andrade, Delegado Regional de Programas Sociales del Bienestar en Poza Rica.<\/p>\n\n\n\n<p class=\"wp-block-paragraph\">En entrevista se\u00f1al\u00f3 que el pago se hace a trav\u00e9s de ventanilla de Telecom, por lo que las personas pueden acudir a las sucursales de la colonia Manuel \u00c1vila Camacho y parque Benito Ju\u00e1rez, adem\u00e1s de que el d\u00eda de ayer se realiz\u00f3 el pago de Coatzintla y este d\u00eda se est\u00e1 haciendo en Tihuatl\u00e1n, esto para evitar aglomeraciones en cada una de las instalaciones de la empresa.<\/p>\n\n\n\n<p class=\"wp-block-paragraph\">Las personas estar\u00e1n recibiendo dos mil 700 pesos, con el incremento de este a\u00f1o por lo que el pr\u00f3ximo pago estar\u00e1n recibiendo en el mes de marzo, por lo que las personas est\u00e1n siendo notificadas que ya pueden acudir, por lo que si a\u00fan no son visitados por los servidores de la naci\u00f3n deben de esperar, ya que por la pandemia del Covid-19 no pueden citar a todos al mismo tiempo.<\/p>\n\n\n\n<p class=\"wp-block-paragraph\">Se\u00f1al\u00f3 que para el pr\u00f3ximo pago se estar\u00e1n adelantando los pagos del bimestre del mes de mayo-junio esto esto debido a los tiempos electorales que se avecinan, esto para evitar que crear alguna controversia durante esta temporada, por lo que recalco que estar\u00e1n respetando los tiempos electorales por en el pago del mes de marzo-abril estar\u00e1n entregando los dos pagos.<\/p>\n\n\n\n<p class=\"wp-block-paragraph\">Cabe destacar que en todo momento se est\u00e1 respetando las medidas sanitarias que el sector salud ha dado a conocer, esto para evitar la propagaci\u00f3n el virus, adem\u00e1s de que es un sector de la poblaci\u00f3n vulnerable a esta enfermedad, por lo que est\u00e1n pendientes que en todo momento se repite la sana distancia y el uso de cubrebocas.<\/p>\n\n\n\n<figure class=\"wp-block-gallery columns-1 wp-block-gallery-1 is-layout-flex wp-block-gallery-is-layout-flex\"><ul class=\"blocks-gallery-grid\"><li class=\"blocks-gallery-item\"><figure><img decoding=\"async\" src=\"https:\/\/www.enteratever.com\/2020\/wp-content\/uploads\/2021\/01\/WhatsApp-Image-2021-01-29-at-14.16.59.jpeg\" alt=\"\" data-id=\"35396\" data-full-url=\"https:\/\/www.enteratever.com\/2020\/wp-content\/uploads\/2021\/01\/WhatsApp-Image-2021-01-29-at-14.16.59.jpeg\" data-link=\"https:\/\/www.enteratever.com\/?attachment_id=35396\" class=\"wp-image-35396\"\/><\/figure><\/li><li class=\"blocks-gallery-item\"><figure><img decoding=\"async\" src=\"https:\/\/www.enteratever.com\/2020\/wp-content\/uploads\/2021\/01\/WhatsApp-Image-2021-01-29-at-14.17.01.jpeg\" alt=\"\" data-id=\"35397\" data-full-url=\"https:\/\/www.enteratever.com\/2020\/wp-content\/uploads\/2021\/01\/WhatsApp-Image-2021-01-29-at-14.17.01.jpeg\" data-link=\"https:\/\/www.enteratever.com\/?attachment_id=35397\" class=\"wp-image-35397\"\/><\/figure><\/li><li class=\"blocks-gallery-item\"><figure><img decoding=\"async\" src=\"https:\/\/www.enteratever.com\/2020\/wp-content\/uploads\/2021\/01\/WhatsApp-Image-2021-01-29-at-14.17.02.jpeg\" alt=\"\" data-id=\"35398\" data-full-url=\"https:\/\/www.enteratever.com\/2020\/wp-content\/uploads\/2021\/01\/WhatsApp-Image-2021-01-29-at-14.17.02.jpeg\" data-link=\"https:\/\/www.enteratever.com\/?attachment_id=35398\" class=\"wp-image-35398\"\/><\/figure><\/li><li class=\"blocks-gallery-item\"><figure><img decoding=\"async\" src=\"https:\/\/www.enteratever.com\/2020\/wp-content\/uploads\/2021\/01\/WhatsApp-Image-2021-01-29-at-14.17.03.jpeg\" alt=\"\" data-id=\"35399\" data-full-url=\"https:\/\/www.enteratever.com\/2020\/wp-content\/uploads\/2021\/01\/WhatsApp-Image-2021-01-29-at-14.17.03.jpeg\" data-link=\"https:\/\/www.enteratever.com\/?attachment_id=35399\" class=\"wp-image-35399\"\/><\/figure><\/li><li class=\"blocks-gallery-item\"><figure><img decoding=\"async\" src=\"https:\/\/www.enteratever.com\/2020\/wp-content\/uploads\/2021\/01\/WhatsApp-Image-2021-01-29-at-14.17.29.jpeg\" alt=\"\" data-id=\"35400\" data-full-url=\"https:\/\/www.enteratever.com\/2020\/wp-content\/uploads\/2021\/01\/WhatsApp-Image-2021-01-29-at-14.17.29.jpeg\" data-link=\"https:\/\/www.enteratever.com\/?attachment_id=35400\" class=\"wp-image-35400\"\/><\/figure><\/li><\/ul><\/figure>\n","protected":false},"excerpt":{"rendered":"<p>Visitas: 5 957 personas con discapacidad de diferentes municipios de la zona norte recibieron el pago del beneficio que el gobierno federal les otorga cada bimestre, esto durante la ma\u00f1ana de este viernes 29 de enero, as\u00ed lo dio a conocer Emilio Olvera Andrade, Delegado Regional de Programas Sociales del Bienestar en Poza Rica. En [&hellip;]<\/p>\n","protected":false},"author":4,"featured_media":173109,"comment_status":"open","ping_status":"open","sticky":false,"template":"","format":"standard","meta":{"footnotes":""},"categories":[213],"tags":[],"class_list":["post-173108","post","type-post","status-publish","format-standard","has-post-thumbnail","category-poza-rica"],"nelio_content":{"isAutoShareEnabled":true,"autoShareEndMode":"never","automationSources":{"useCustomSentences":false,"customSentences":[]},"followers":[],"suggestedReferences":[],"efiUrl":"","efiAlt":"","highlights":[],"permalinkQueryArgs":[],"series":[]},"_links":{"self":[{"href":"https:\/\/www.enteratever.com\/2023\/wp-json\/wp\/v2\/posts\/173108","targetHints":{"allow":["GET"]}}],"collection":[{"href":"https:\/\/www.enteratever.com\/2023\/wp-json\/wp\/v2\/posts"}],"about":[{"href":"https:\/\/www.enteratever.com\/2023\/wp-json\/wp\/v2\/types\/post"}],"author":[{"embeddable":true,"href":"https:\/\/www.enteratever.com\/2023\/wp-json\/wp\/v2\/users\/4"}],"replies":[{"embeddable":true,"href":"https:\/\/www.enteratever.com\/2023\/wp-json\/wp\/v2\/comments?post=173108"}],"version-history":[{"count":0,"href":"https:\/\/www.enteratever.com\/2023\/wp-json\/wp\/v2\/posts\/173108\/revisions"}],"wp:featuredmedia":[{"embeddable":true,"href":"https:\/\/www.enteratever.com\/2023\/wp-json\/wp\/v2\/media\/173109"}],"wp:attachment":[{"href":"https:\/\/www.enteratever.com\/2023\/wp-json\/wp\/v2\/media?parent=173108"}],"wp:term":[{"taxonomy":"category","embeddable":true,"href":"https:\/\/www.enteratever.com\/2023\/wp-json\/wp\/v2\/categories?post=173108"},{"taxonomy":"post_tag","embeddable":true,"href":"https:\/\/www.enteratever.com\/2023\/wp-json\/wp\/v2\/tags?post=173108"}],"curies":[{"name":"wp","href":"https:\/\/api.w.org\/{rel}","templated":true}]}}