{"id":173107,"date":"2021-01-29T19:47:59","date_gmt":"2021-01-29T19:47:59","guid":{"rendered":"https:\/\/www.enteratever.com\/2023\/autorizan-el-cuerpo-de-bomberos-municipales\/"},"modified":"2021-01-29T19:47:59","modified_gmt":"2021-01-29T19:47:59","slug":"autorizan-el-cuerpo-de-bomberos-municipales","status":"publish","type":"post","link":"https:\/\/www.enteratever.com\/2023\/2021\/01\/29\/autorizan-el-cuerpo-de-bomberos-municipales\/","title":{"rendered":"Autorizan el cuerpo de bomberos municipales"},"content":{"rendered":"<p>Visitas: 4<\/p>\n<p class=\"wp-block-paragraph\">Poza Rica, Veracruz.- Queda aprobada la propuesta de la creaci\u00f3n del primer cuerpo de bomberos municipales, esto durante la una reuni\u00f3n que se mantuvo con autoridades municipales, representantes de la empresa Petr\u00f3leos Mexicanos (Pemex), SEDENA, Secretar\u00eda de Protecci\u00f3n Civil de gobierno del Estado, director del \u00e1rea, as\u00ed como ediles de la representante gesti\u00f3n municipal.<\/p>\n\n\n\n<p class=\"wp-block-paragraph\">Esto estar\u00e1 dando apego a la Ley Org\u00e1nica del Municipio Libre, la Ley General de Protecci\u00f3n Civil, Ley 856 de Protecci\u00f3n Civil y la Reducci\u00f3n del Riesgo de Desastres del Estado de Veracruz, as\u00ed como el Programa Municipal de Desarrollo Urbano, por lo que consideraron que era de suena importancia que la ciudad contar\u00e1 con este personal.<\/p>\n\n\n\n<p class=\"wp-block-paragraph\">Este proyecto lo ten\u00edan contemplado desde el 2018 pero por diferentes motivos no pudieron implementarlo, es por eso que estuvieron trabajando y comprando el equipo necesario, para que cuando se presentara el proyecto no hubiera raz\u00f3n por la cual no se aprobar\u00e1, por lo que se sesion\u00f3 para revisar que todos estuvieran de acuerdo.<\/p>\n\n\n\n<p class=\"wp-block-paragraph\">Cabe destacar que en d\u00edas pasados el regidor F\u00e9lix Iv\u00e1n Garc\u00eda Bustos, comisionado en esta \u00e1rea dijo que es de suma importancia contar con este departamento ya que el a\u00f1o pasado se presentaron varios incendios donde el personal de Protecci\u00f3n Civil estuvo atendiendo los casos, adem\u00e1s de que se les ha brindado contantes capacitaciones para cu\u00e1ndo se presenten estos acontecimientos.<\/p>\n\n\n\n<p class=\"wp-block-paragraph\">Ser\u00e1 el mismo personal de PC quienes estar\u00e1n encargados, al igual est\u00e1 pendiente el espacio que estar\u00e1n ocupando como base, pues el terreno que ya hab\u00edan solicitado a la SEDENA tiene que ser entregado por decreto presidencial, por lo que esperan que contar con un predio para la creaci\u00f3n de la base.<\/p>\n","protected":false},"excerpt":{"rendered":"<p>Visitas: 4 Poza Rica, Veracruz.- Queda aprobada la propuesta de la creaci\u00f3n del primer cuerpo de bomberos municipales, esto durante la una reuni\u00f3n que se mantuvo con autoridades municipales, representantes de la empresa Petr\u00f3leos Mexicanos (Pemex), SEDENA, Secretar\u00eda de Protecci\u00f3n Civil de gobierno del Estado, director del \u00e1rea, as\u00ed como ediles de la representante gesti\u00f3n [&hellip;]<\/p>\n","protected":false},"author":4,"featured_media":172253,"comment_status":"open","ping_status":"open","sticky":false,"template":"","format":"standard","meta":{"footnotes":""},"categories":[213],"tags":[],"class_list":["post-173107","post","type-post","status-publish","format-standard","has-post-thumbnail","category-poza-rica"],"nelio_content":{"isAutoShareEnabled":true,"autoShareEndMode":"never","automationSources":{"useCustomSentences":false,"customSentences":[]},"followers":[],"suggestedReferences":[],"efiUrl":"","efiAlt":"","highlights":[],"permalinkQueryArgs":[],"series":[]},"_links":{"self":[{"href":"https:\/\/www.enteratever.com\/2023\/wp-json\/wp\/v2\/posts\/173107","targetHints":{"allow":["GET"]}}],"collection":[{"href":"https:\/\/www.enteratever.com\/2023\/wp-json\/wp\/v2\/posts"}],"about":[{"href":"https:\/\/www.enteratever.com\/2023\/wp-json\/wp\/v2\/types\/post"}],"author":[{"embeddable":true,"href":"https:\/\/www.enteratever.com\/2023\/wp-json\/wp\/v2\/users\/4"}],"replies":[{"embeddable":true,"href":"https:\/\/www.enteratever.com\/2023\/wp-json\/wp\/v2\/comments?post=173107"}],"version-history":[{"count":0,"href":"https:\/\/www.enteratever.com\/2023\/wp-json\/wp\/v2\/posts\/173107\/revisions"}],"wp:featuredmedia":[{"embeddable":true,"href":"https:\/\/www.enteratever.com\/2023\/wp-json\/wp\/v2\/media\/172253"}],"wp:attachment":[{"href":"https:\/\/www.enteratever.com\/2023\/wp-json\/wp\/v2\/media?parent=173107"}],"wp:term":[{"taxonomy":"category","embeddable":true,"href":"https:\/\/www.enteratever.com\/2023\/wp-json\/wp\/v2\/categories?post=173107"},{"taxonomy":"post_tag","embeddable":true,"href":"https:\/\/www.enteratever.com\/2023\/wp-json\/wp\/v2\/tags?post=173107"}],"curies":[{"name":"wp","href":"https:\/\/api.w.org\/{rel}","templated":true}]}}