{"id":173102,"date":"2021-01-28T22:50:50","date_gmt":"2021-01-28T22:50:50","guid":{"rendered":"https:\/\/www.enteratever.com\/2023\/analizan-propuesta-para-que-cumbre-tajin-sea-virtual\/"},"modified":"2021-01-28T22:50:50","modified_gmt":"2021-01-28T22:50:50","slug":"analizan-propuesta-para-que-cumbre-tajin-sea-virtual","status":"publish","type":"post","link":"https:\/\/www.enteratever.com\/2023\/2021\/01\/28\/analizan-propuesta-para-que-cumbre-tajin-sea-virtual\/","title":{"rendered":"Analizan propuesta para que Cumbre Taj\u00edn sea virtual"},"content":{"rendered":"<p>Visitas: 5<\/p>\n<p class=\"wp-block-paragraph\">Poza Rica, Veracruz.- De acuerdo con Edgar de Le\u00f3n Silvia, director de Turismo del ayuntamiento, dio a conocer que el festival Cumbre Taj\u00edn podr\u00eda llevarse a cabo en manera virtual, esto por indicaciones de la Secretar\u00eda de Turismo, X\u00f3chitl Arbesu Lago, qui\u00e9n en semanas pasadas dio a conocer esto para evitar m\u00e1s contagios de Covid-19 en la zona.<\/p>\n\n\n\n<p class=\"wp-block-paragraph\">En entrevista el director de Turismo se\u00f1al\u00f3 que debido a la pandemia del Covid-19 han visto en la necesidad de que esta edici\u00f3n sea de manera virtual, adem\u00e1s que varios festivales a nivel nacional han estado utilizando este mecanismo para evitar las aglomeraciones de personas y m\u00e1s un evento como lo es Cumbre Taj\u00edn, el cual logra juntar a personas de todo el mundo.<\/p>\n\n\n\n<p class=\"wp-block-paragraph\">Este es un festival que trae grandes beneficios a la poblaci\u00f3n de la zona norte, ya que cada uno de estos ofrecen algo al turismo que viene a disfrutar del festival, por lo que est\u00e1n esperando a que la secretar\u00eda de a conocer ya un decreto oficial para saber c\u00f3mo estar\u00e1n trabajando en la cuesti\u00f3n de los comercios.<\/p>\n\n\n\n<figure class=\"wp-block-image size-full\"><img decoding=\"async\" src=\"https:\/\/www.enteratever.com\/2020\/wp-content\/uploads\/2021\/01\/WhatsApp-Image-2021-01-28-at-16.24.34.jpeg\" alt=\"\" class=\"wp-image-35271\"\/><\/figure>\n\n\n\n<p class=\"wp-block-paragraph\">Con respecto a las subsedes del festival dijo que estar\u00e1n participando en esta edici\u00f3n, por lo que con la participaci\u00f3n art\u00edstica estar\u00e1n presentado todo lo que el municipio de Poza Rica ofrece a todos y una vez que se pueda viajar Poza Rica sea una opci\u00f3n para viajar y que la derrama econ\u00f3mica sea mejor para la ciudad.<\/p>\n\n\n\n<p class=\"wp-block-paragraph\">En relaci\u00f3n con los comerciantes dijo que desde que dio inicio la pandemia por el Covid-19 han estado trabajando con ellos desde la certificaci\u00f3n los cuales se han capacitado y supervisado por lo que busca el seguir difundiendo del municipio y lo que ofrece, por lo que seguir\u00e1n dando difusi\u00f3n a los municipios.<\/p>\n\n\n\n<p class=\"wp-block-paragraph\">Se\u00f1al\u00f3 que ser\u00e1 una edici\u00f3n diferente a muchas de las anteriores, pero tiene que acoplarse a la nueva normalidad, para que en ediciones futuras las.personas puedan acudir a disfrutar como en a\u00f1os pasados.<\/p>\n","protected":false},"excerpt":{"rendered":"<p>Visitas: 5 Poza Rica, Veracruz.- De acuerdo con Edgar de Le\u00f3n Silvia, director de Turismo del ayuntamiento, dio a conocer que el festival Cumbre Taj\u00edn podr\u00eda llevarse a cabo en manera virtual, esto por indicaciones de la Secretar\u00eda de Turismo, X\u00f3chitl Arbesu Lago, qui\u00e9n en semanas pasadas dio a conocer esto para evitar m\u00e1s contagios [&hellip;]<\/p>\n","protected":false},"author":4,"featured_media":173103,"comment_status":"open","ping_status":"open","sticky":false,"template":"","format":"standard","meta":{"footnotes":""},"categories":[213],"tags":[],"class_list":["post-173102","post","type-post","status-publish","format-standard","has-post-thumbnail","category-poza-rica"],"nelio_content":{"isAutoShareEnabled":true,"autoShareEndMode":"never","automationSources":{"useCustomSentences":false,"customSentences":[]},"followers":[],"suggestedReferences":[],"efiUrl":"","efiAlt":"","highlights":[],"permalinkQueryArgs":[],"series":[]},"_links":{"self":[{"href":"https:\/\/www.enteratever.com\/2023\/wp-json\/wp\/v2\/posts\/173102","targetHints":{"allow":["GET"]}}],"collection":[{"href":"https:\/\/www.enteratever.com\/2023\/wp-json\/wp\/v2\/posts"}],"about":[{"href":"https:\/\/www.enteratever.com\/2023\/wp-json\/wp\/v2\/types\/post"}],"author":[{"embeddable":true,"href":"https:\/\/www.enteratever.com\/2023\/wp-json\/wp\/v2\/users\/4"}],"replies":[{"embeddable":true,"href":"https:\/\/www.enteratever.com\/2023\/wp-json\/wp\/v2\/comments?post=173102"}],"version-history":[{"count":0,"href":"https:\/\/www.enteratever.com\/2023\/wp-json\/wp\/v2\/posts\/173102\/revisions"}],"wp:featuredmedia":[{"embeddable":true,"href":"https:\/\/www.enteratever.com\/2023\/wp-json\/wp\/v2\/media\/173103"}],"wp:attachment":[{"href":"https:\/\/www.enteratever.com\/2023\/wp-json\/wp\/v2\/media?parent=173102"}],"wp:term":[{"taxonomy":"category","embeddable":true,"href":"https:\/\/www.enteratever.com\/2023\/wp-json\/wp\/v2\/categories?post=173102"},{"taxonomy":"post_tag","embeddable":true,"href":"https:\/\/www.enteratever.com\/2023\/wp-json\/wp\/v2\/tags?post=173102"}],"curies":[{"name":"wp","href":"https:\/\/api.w.org\/{rel}","templated":true}]}}