{"id":171601,"date":"2020-05-10T02:27:58","date_gmt":"2020-05-10T02:27:58","guid":{"rendered":"https:\/\/www.enteratever.com\/2023\/fallece-heberto-banos-expresidente-de-canaco-en-poza-rica\/"},"modified":"2023-01-28T20:21:22","modified_gmt":"2023-01-28T20:21:22","slug":"fallece-heberto-banos-expresidente-de-canaco-en-poza-rica","status":"publish","type":"post","link":"https:\/\/www.enteratever.com\/2023\/2020\/05\/10\/fallece-heberto-banos-expresidente-de-canaco-en-poza-rica\/","title":{"rendered":"Fallece Heberto Ba\u00f1os, expresidente de Canaco en Poza Rica"},"content":{"rendered":"<p>Visitas: 13<\/p><p>Poza Rica, Veracruz.- Confirman el fallecimiento de<a href=\"https:\/\/www.enteratever.com\/archivo\/?p=115621\"> Heberto Ba\u00f1os Reyes<\/a>, expresidente de la C\u00e1mara Nacional de Comercio (CAMACO) y presidente del Club de Leones Poza Rica A.C.<\/p>\n<p>A trav\u00e9s de sus redes sociales el Consejo Coordinador Empresarial (CCE) y el Club de Leones Poza Rica A.C. confirmaron la noticia, el empresario muri\u00f3 este s\u00e1bado no se ha confirmado las causas de su deceso, trascendi\u00f3 que se debi\u00f3 a complicaciones respiratorias.<\/p>\n<p>El CCE realiz\u00f3 una publicaci\u00f3n en Facebook en donde se lee lo siguiente: \u201cLamentamos profundamente la perdida de Heberto Ba\u00f1os Reyes, y nos unimos a la pena que embarga a su familia\u201d.<\/p>\n<p>Por su parte el Club de Leones public\u00f3 \u201cEl Club Poza Rica Bicentenario se une a la pena que embarga a la familia de nuestro compa\u00f1ero Heberto Ba\u00f1os Reyes; oramos por su eterno descanso, alzando nuestras plegarias para el pronto consuelo de su familia. En nombre de toda la familia leonistica Dios lo bendiga y que en paz descanse\u201d.<\/p>\n<p>S\u00edguenos en <a href=\"https:\/\/twitter.com\/redaccion_EV\">Twitter<\/a><\/p>\n","protected":false},"excerpt":{"rendered":"<p>Visitas: 13Poza Rica, Veracruz.- Confirman el fallecimiento de Heberto Ba\u00f1os Reyes, expresidente de la C\u00e1mara Nacional de Comercio (CAMACO) y presidente del Club de Leones Poza Rica A.C. A trav\u00e9s de sus redes sociales el Consejo Coordinador Empresarial (CCE) y el Club de Leones Poza Rica A.C. confirmaron la noticia, el empresario muri\u00f3 este s\u00e1bado [&hellip;]<\/p>\n","protected":false},"author":6,"featured_media":171602,"comment_status":"open","ping_status":"open","sticky":false,"template":"","format":"standard","meta":{"footnotes":""},"categories":[213],"tags":[],"class_list":{"0":"post-171601","1":"post","2":"type-post","3":"status-publish","4":"format-standard","5":"has-post-thumbnail","7":"category-poza-rica"},"nelio_content":{"isAutoShareEnabled":true,"autoShareEndMode":"never","automationSources":{"useCustomSentences":false,"customSentences":[]},"followers":[],"suggestedReferences":[],"efiUrl":"","efiAlt":"","highlights":[],"permalinkQueryArgs":[],"series":[]},"_links":{"self":[{"href":"https:\/\/www.enteratever.com\/2023\/wp-json\/wp\/v2\/posts\/171601","targetHints":{"allow":["GET"]}}],"collection":[{"href":"https:\/\/www.enteratever.com\/2023\/wp-json\/wp\/v2\/posts"}],"about":[{"href":"https:\/\/www.enteratever.com\/2023\/wp-json\/wp\/v2\/types\/post"}],"author":[{"embeddable":true,"href":"https:\/\/www.enteratever.com\/2023\/wp-json\/wp\/v2\/users\/6"}],"replies":[{"embeddable":true,"href":"https:\/\/www.enteratever.com\/2023\/wp-json\/wp\/v2\/comments?post=171601"}],"version-history":[{"count":1,"href":"https:\/\/www.enteratever.com\/2023\/wp-json\/wp\/v2\/posts\/171601\/revisions"}],"predecessor-version":[{"id":184347,"href":"https:\/\/www.enteratever.com\/2023\/wp-json\/wp\/v2\/posts\/171601\/revisions\/184347"}],"wp:featuredmedia":[{"embeddable":true,"href":"https:\/\/www.enteratever.com\/2023\/wp-json\/wp\/v2\/media\/171602"}],"wp:attachment":[{"href":"https:\/\/www.enteratever.com\/2023\/wp-json\/wp\/v2\/media?parent=171601"}],"wp:term":[{"taxonomy":"category","embeddable":true,"href":"https:\/\/www.enteratever.com\/2023\/wp-json\/wp\/v2\/categories?post=171601"},{"taxonomy":"post_tag","embeddable":true,"href":"https:\/\/www.enteratever.com\/2023\/wp-json\/wp\/v2\/tags?post=171601"}],"curies":[{"name":"wp","href":"https:\/\/api.w.org\/{rel}","templated":true}]}}