{"id":171440,"date":"2020-04-13T14:25:44","date_gmt":"2020-04-13T14:25:44","guid":{"rendered":"https:\/\/www.enteratever.com\/2023\/central-de-abastos-no-cerrara-sus-puertas-durante-la-contingencia\/"},"modified":"2020-04-13T14:25:44","modified_gmt":"2020-04-13T14:25:44","slug":"central-de-abastos-no-cerrara-sus-puertas-durante-la-contingencia","status":"publish","type":"post","link":"https:\/\/www.enteratever.com\/2023\/2020\/04\/13\/central-de-abastos-no-cerrara-sus-puertas-durante-la-contingencia\/","title":{"rendered":"Central de abastos no cerrar\u00e1 sus puertas durante la contingencia"},"content":{"rendered":"<p>Visitas: 18<\/p><p style=\"text-align: justify;\">Poza Rica, Veracruz.- La central de abastos no estar\u00e1 cerrando sus puertas, esto de acuerdo con Javier Z\u00e1rate Trejo, Dirigente de bodegueros y comerciantes, qui\u00e9n se\u00f1al\u00f3 que pese a la <a href=\"https:\/\/www.enteratever.com\/hoteles-y-moteles-se-ven-perjudicados-por-la-contingencia-sanitaria-por-el-covid-19-en-poza-rica\/\">contingencia sanitaria<\/a> que se est\u00e1 enfrentando el pa\u00eds seguir\u00e1n trabajando implementando las medidas necesarias, por lo que hacen un llamado a la poblaci\u00f3n para que tambi\u00e9n acudan a realizar sus comprar en esta, pues los productos que est\u00e1n ofertando son de buena calidad y se les da a buen precio.<\/p>\n<p style=\"text-align: justify;\">Manifest\u00f3 que pese a que en algunos establecimientos ya no hay ciertos productos, en la central de abastos a\u00fan tiene lo suficiente para que la ciudadan\u00eda realice sus compras de lo que requieran para poder sobrevivir esta cuarentena, pues personas de municipio cercanos acuden a realizar su comprar, por lo que resalt\u00f3 que mantendr\u00e1n sus precios ya que de esta manera estar\u00e1n apoyando a la econom\u00eda de todos.<\/p>\n<p style=\"text-align: justify;\">Asegur\u00f3 que el huevo es uno de los productos que se al cual ha tenido un incremento en todo el pa\u00eds, esto derivado a los problemas en granjas por la mortandad de aves, lo que ocasion\u00f3 un decremento en la producci\u00f3n, en las bodegas distribuidoras de este producto en Poza Rica se mantiene entre 37 y 39 pesos por kilo.<\/p>\n<p style=\"text-align: justify;\">Z\u00e1rate Trejo coment\u00f3 que el constante manejo por carga y descarga de productos, la mayor\u00eda que proviene de la Ciudad de M\u00e9xico, se han extremado medidas sanitarias, sobre todo para proteger al personal de cada una de las m\u00e1s de 100 bodegas que operan en la central que abastece a toda esta regi\u00f3n del norte de Veracruz e incluso algunos municipios de la sierra norte de Puebla.<\/p>\n<p style=\"text-align: justify;\">En entrevista el dirigente hizo un llamado a la poblaci\u00f3n para que eviten hacer compras de p\u00e1nico, pues al menos en la central de abasto de esta ciudad no existe riesgo de cierre ni de aumento desmedido en el precio de productos, pues asegur\u00f3 que tenemos un compromiso social y es en este momento que se les requiere y estar\u00e1n con sus puertas abiertas.<\/p>\n<p style=\"text-align: justify;\">Por \u00faltimo se\u00f1al\u00f3 que entre las recomendaciones a los clientes se les pide es el evitar acudir m\u00e1s de tres personas a realizar las compras, mientras que en los locales y bodegas hay restricciones para mantener distancia entre personas y protocolos de protecci\u00f3n a la base trabajadora.<\/p>\n<p>S\u00edguenos en <a href=\"https:\/\/twitter.com\/redaccion_EV\">Twitter<\/a><\/p>\n","protected":false},"excerpt":{"rendered":"<p>Visitas: 18Poza Rica, Veracruz.- La central de abastos no estar\u00e1 cerrando sus puertas, esto de acuerdo con Javier Z\u00e1rate Trejo, Dirigente de bodegueros y comerciantes, qui\u00e9n se\u00f1al\u00f3 que pese a la contingencia sanitaria que se est\u00e1 enfrentando el pa\u00eds seguir\u00e1n trabajando implementando las medidas necesarias, por lo que hacen un llamado a la poblaci\u00f3n para [&hellip;]<\/p>\n","protected":false},"author":4,"featured_media":171441,"comment_status":"open","ping_status":"open","sticky":false,"template":"","format":"standard","meta":{"footnotes":""},"categories":[213],"tags":[],"class_list":{"0":"post-171440","1":"post","2":"type-post","3":"status-publish","4":"format-standard","5":"has-post-thumbnail","7":"category-poza-rica"},"nelio_content":{"isAutoShareEnabled":true,"autoShareEndMode":"never","automationSources":{"useCustomSentences":false,"customSentences":[]},"followers":[],"suggestedReferences":[],"efiUrl":"","efiAlt":"","highlights":[],"permalinkQueryArgs":[],"series":[]},"_links":{"self":[{"href":"https:\/\/www.enteratever.com\/2023\/wp-json\/wp\/v2\/posts\/171440","targetHints":{"allow":["GET"]}}],"collection":[{"href":"https:\/\/www.enteratever.com\/2023\/wp-json\/wp\/v2\/posts"}],"about":[{"href":"https:\/\/www.enteratever.com\/2023\/wp-json\/wp\/v2\/types\/post"}],"author":[{"embeddable":true,"href":"https:\/\/www.enteratever.com\/2023\/wp-json\/wp\/v2\/users\/4"}],"replies":[{"embeddable":true,"href":"https:\/\/www.enteratever.com\/2023\/wp-json\/wp\/v2\/comments?post=171440"}],"version-history":[{"count":0,"href":"https:\/\/www.enteratever.com\/2023\/wp-json\/wp\/v2\/posts\/171440\/revisions"}],"wp:featuredmedia":[{"embeddable":true,"href":"https:\/\/www.enteratever.com\/2023\/wp-json\/wp\/v2\/media\/171441"}],"wp:attachment":[{"href":"https:\/\/www.enteratever.com\/2023\/wp-json\/wp\/v2\/media?parent=171440"}],"wp:term":[{"taxonomy":"category","embeddable":true,"href":"https:\/\/www.enteratever.com\/2023\/wp-json\/wp\/v2\/categories?post=171440"},{"taxonomy":"post_tag","embeddable":true,"href":"https:\/\/www.enteratever.com\/2023\/wp-json\/wp\/v2\/tags?post=171440"}],"curies":[{"name":"wp","href":"https:\/\/api.w.org\/{rel}","templated":true}]}}