{"id":171231,"date":"2020-03-12T01:32:36","date_gmt":"2020-03-12T01:32:36","guid":{"rendered":"https:\/\/www.enteratever.com\/2023\/ayuntamiento-de-poza-rica-se-prepara-para-la-subsede-de-cumbre-tajin\/"},"modified":"2020-03-12T01:32:36","modified_gmt":"2020-03-12T01:32:36","slug":"ayuntamiento-de-poza-rica-se-prepara-para-la-subsede-de-cumbre-tajin","status":"publish","type":"post","link":"https:\/\/www.enteratever.com\/2023\/2020\/03\/12\/ayuntamiento-de-poza-rica-se-prepara-para-la-subsede-de-cumbre-tajin\/","title":{"rendered":"Ayuntamiento de Poza Rica se prepara para la subsede de Cumbre Taj\u00edn"},"content":{"rendered":"<p>Visitas: 16<\/p><p style=\"text-align: justify;\">Comienzan los preparativos para la Cumbre Alterna en Poza Rica, por lo que el personal del ayuntamiento del municipio est\u00e1 realizando la colocaci\u00f3n del paseo de sombrillas que en eventos pasados fue uno de los atractivos favoritos de las personas que acudieron a la p\u00e9rgola del parque Benito Ju\u00e1rez a disfrutar de las actividades culturales que se ten\u00edan preparadas.<\/p>\n<p style=\"text-align: justify;\">Al igual se han estado colocando algunos artefactos luminosos entre los pasillos del parque, para que durante los tres d\u00edas en los que la ciudad se estar\u00e1 llenando de luces, cultura, tradiciones, muestras gastron\u00f3micas entre otras la ciudadan\u00eda y turistas que arriban a esta por las diferentes festividades puedan disfrutar y llevarse una buena imagen del municipio.<\/p>\n<p style=\"text-align: justify;\">Por su parte Edgar de Le\u00f3n Silva, Director de Turismo hizo la invitaci\u00f3n a todas las personas del municipio a que acudan a la sede alterna del festival Cumbre Taj\u00edn, que por segundo a\u00f1o consecutivo el municipio es sede de este tan importante evento, el cual contar\u00e1n con grandes espect\u00e1culos, adem\u00e1s de que las actividades son gratuitas.<\/p>\n<p style=\"text-align: justify;\">Por lo que esperan el arribo de m\u00e1s de 13 mil personas diarias a los diferentes actividades que ya se tiene preparadas, cabe destacar que contar\u00e1n con la participaci\u00f3n de algunos artesanos de otros estados de la Rep\u00fablica Mexicana, por lo que esperan que a partir de este viernes las personas acudan y disfruten de todo lo que se prepar\u00f3.<\/p>\n<p style=\"text-align: justify;\">Asegur\u00f3 que la seguridad es algo en lo que se enfocaron, por lo que el parque Benito Ju\u00e1rez se estar\u00e1n realizando varios rondines para salvaguardar la vidas de todos aquellos que asistan a los eventos y talleres, al igual el d\u00eda 15 que se estar\u00e1 presentando el grupo Ca\u00f1averal en la plaza c\u00edvica 18 de marzo.<\/p>\n","protected":false},"excerpt":{"rendered":"<p>Visitas: 16Comienzan los preparativos para la Cumbre Alterna en Poza Rica, por lo que el personal del ayuntamiento del municipio est\u00e1 realizando la colocaci\u00f3n del paseo de sombrillas que en eventos pasados fue uno de los atractivos favoritos de las personas que acudieron a la p\u00e9rgola del parque Benito Ju\u00e1rez a disfrutar de las actividades [&hellip;]<\/p>\n","protected":false},"author":4,"featured_media":171232,"comment_status":"open","ping_status":"open","sticky":false,"template":"","format":"standard","meta":{"footnotes":""},"categories":[213],"tags":[],"class_list":{"0":"post-171231","1":"post","2":"type-post","3":"status-publish","4":"format-standard","5":"has-post-thumbnail","7":"category-poza-rica"},"nelio_content":{"isAutoShareEnabled":true,"autoShareEndMode":"never","automationSources":{"useCustomSentences":false,"customSentences":[]},"followers":[],"suggestedReferences":[],"efiUrl":"","efiAlt":"","highlights":[],"permalinkQueryArgs":[],"series":[]},"_links":{"self":[{"href":"https:\/\/www.enteratever.com\/2023\/wp-json\/wp\/v2\/posts\/171231","targetHints":{"allow":["GET"]}}],"collection":[{"href":"https:\/\/www.enteratever.com\/2023\/wp-json\/wp\/v2\/posts"}],"about":[{"href":"https:\/\/www.enteratever.com\/2023\/wp-json\/wp\/v2\/types\/post"}],"author":[{"embeddable":true,"href":"https:\/\/www.enteratever.com\/2023\/wp-json\/wp\/v2\/users\/4"}],"replies":[{"embeddable":true,"href":"https:\/\/www.enteratever.com\/2023\/wp-json\/wp\/v2\/comments?post=171231"}],"version-history":[{"count":0,"href":"https:\/\/www.enteratever.com\/2023\/wp-json\/wp\/v2\/posts\/171231\/revisions"}],"wp:featuredmedia":[{"embeddable":true,"href":"https:\/\/www.enteratever.com\/2023\/wp-json\/wp\/v2\/media\/171232"}],"wp:attachment":[{"href":"https:\/\/www.enteratever.com\/2023\/wp-json\/wp\/v2\/media?parent=171231"}],"wp:term":[{"taxonomy":"category","embeddable":true,"href":"https:\/\/www.enteratever.com\/2023\/wp-json\/wp\/v2\/categories?post=171231"},{"taxonomy":"post_tag","embeddable":true,"href":"https:\/\/www.enteratever.com\/2023\/wp-json\/wp\/v2\/tags?post=171231"}],"curies":[{"name":"wp","href":"https:\/\/api.w.org\/{rel}","templated":true}]}}