{"id":171155,"date":"2014-06-11T16:23:32","date_gmt":"2014-06-11T16:23:32","guid":{"rendered":"https:\/\/www.enteratever.com\/2023\/2014-2014-p64001\/"},"modified":"2014-06-11T16:23:32","modified_gmt":"2014-06-11T16:23:32","slug":"2014-2014-p64001","status":"publish","type":"post","link":"https:\/\/www.enteratever.com\/2023\/2014\/06\/11\/2014-2014-p64001\/","title":{"rendered":"Unidos para el cuidado del medio ambiente"},"content":{"rendered":"<p>Visitas: 1<\/p><figure id=\"attachment_64002\" aria-describedby=\"caption-attachment-64002\" style=\"width: 660px\" class=\"wp-caption aligncenter\"><a href=\"http:\/\/www.enteratever.com\/wp-content\/uploads\/2014\/06\/100614PozaRica31.jpg\"><img loading=\"lazy\" decoding=\"async\" class=\"size-full wp-image-64002\" src=\"http:\/\/www.enteratever.com\/wp-content\/uploads\/2014\/06\/100614PozaRica31.jpg\" alt=\"Unidos para el cuidado del medio ambiente\" width=\"660\" height=\"440\" \/><\/a><figcaption id=\"caption-attachment-64002\" class=\"wp-caption-text\">Unidos para el cuidado del medio ambiente<\/figcaption><\/figure>\n<p style=\"text-align: justify;\">Tihuatl\u00e1n, Veracruz.- Como parte de las actividades que realiza el municipio para el cuidado de la ecolog\u00eda, se llev\u00f3 a cabo la Feria del Medio Ambiente bajo el lema \u201cAlza tu voz, no el nivel del mar\u201d en la que participaron empresas de servicios petroleros y escuelas del municipio.<!--more--><\/p>\n<p style=\"text-align: justify;\">La regidora Zenaida Hern\u00e1ndez P\u00e9rez, dijo que esta feria se realiz\u00f3 en el marco del D\u00eda Mundial del Medio ambiente, en el que se refuerzan las acciones para fomentar una cultura de evitar la contaminaci\u00f3n.<\/p>\n<p style=\"text-align: justify;\">Dijo que en coordinaci\u00f3n con la Direcci\u00f3n de Ecolog\u00eda, las empresas Halliburton, Ilum\u00e9xico, Qmax de M\u00e9xico, Fyresa, as\u00ed como la Fundaci\u00f3n Tukay Xanath y la Facultad de Ciencias Bil\u00f3gicas y Agropecuarias del puerto de Tuxpan, realizaron una demostraci\u00f3n sobre las diversas formas de preservar el medio ambiente a los alumnos de escuelas primarias como Maria Echazerreti, COBAEV 14, Telesecundaria Cuauht\u00e9moc, Emiliano Zapata y Francisco I Madero, que adem\u00e1s recibieron obsequios y observaron folletos y videos como parte del medio ambiente.<\/p>\n<p style=\"text-align: justify;\">\u201cLa visi\u00f3n principal de este proyecto que es que los j\u00f3venes se den cuenta de los cambios clim\u00e1ticos que se vienen dando en el mundo, de la contaminaci\u00f3n en todos sus factores y diversos aspectos que se deben controlar para preservar la tranquilidad en nuestro entorno\u201d, resalt\u00f3.<\/p>\n<p style=\"text-align: justify;\">Resalt\u00f3 el inter\u00e9s del alcalde Gregorio G\u00f3mez por el desarrollo de este tipo de eventos que adem\u00e1s de concientizar a la poblaci\u00f3n, refleja el inter\u00e9s de lucha.<\/p>\n","protected":false},"excerpt":{"rendered":"<p>Visitas: 1Tihuatl\u00e1n, Veracruz.- Como parte de las actividades que realiza el municipio para el cuidado de la ecolog\u00eda, se llev\u00f3 a cabo la Feria del Medio Ambiente bajo el lema \u201cAlza tu voz, no el nivel del mar\u201d en la que participaron empresas de servicios petroleros y escuelas del municipio.<\/p>\n","protected":false},"author":2,"featured_media":0,"comment_status":"open","ping_status":"open","sticky":false,"template":"","format":"standard","meta":{"footnotes":""},"categories":[217],"tags":[],"class_list":{"0":"post-171155","1":"post","2":"type-post","3":"status-publish","4":"format-standard","6":"category-tihuatlan"},"nelio_content":{"isAutoShareEnabled":true,"autoShareEndMode":"never","automationSources":{"useCustomSentences":false,"customSentences":[]},"followers":[],"suggestedReferences":[],"efiUrl":"","efiAlt":"","highlights":[],"permalinkQueryArgs":[],"series":[]},"_links":{"self":[{"href":"https:\/\/www.enteratever.com\/2023\/wp-json\/wp\/v2\/posts\/171155","targetHints":{"allow":["GET"]}}],"collection":[{"href":"https:\/\/www.enteratever.com\/2023\/wp-json\/wp\/v2\/posts"}],"about":[{"href":"https:\/\/www.enteratever.com\/2023\/wp-json\/wp\/v2\/types\/post"}],"author":[{"embeddable":true,"href":"https:\/\/www.enteratever.com\/2023\/wp-json\/wp\/v2\/users\/2"}],"replies":[{"embeddable":true,"href":"https:\/\/www.enteratever.com\/2023\/wp-json\/wp\/v2\/comments?post=171155"}],"version-history":[{"count":0,"href":"https:\/\/www.enteratever.com\/2023\/wp-json\/wp\/v2\/posts\/171155\/revisions"}],"wp:attachment":[{"href":"https:\/\/www.enteratever.com\/2023\/wp-json\/wp\/v2\/media?parent=171155"}],"wp:term":[{"taxonomy":"category","embeddable":true,"href":"https:\/\/www.enteratever.com\/2023\/wp-json\/wp\/v2\/categories?post=171155"},{"taxonomy":"post_tag","embeddable":true,"href":"https:\/\/www.enteratever.com\/2023\/wp-json\/wp\/v2\/tags?post=171155"}],"curies":[{"name":"wp","href":"https:\/\/api.w.org\/{rel}","templated":true}]}}