{"id":171017,"date":"2014-05-31T04:12:04","date_gmt":"2014-05-31T04:12:04","guid":{"rendered":"https:\/\/www.enteratever.com\/2023\/realiza-ayuntamiento-de-coatzintla-jornada-de-salud-y-servicios-en-contreras\/"},"modified":"2014-05-31T04:12:04","modified_gmt":"2014-05-31T04:12:04","slug":"realiza-ayuntamiento-de-coatzintla-jornada-de-salud-y-servicios-en-contreras","status":"publish","type":"post","link":"https:\/\/www.enteratever.com\/2023\/2014\/05\/31\/realiza-ayuntamiento-de-coatzintla-jornada-de-salud-y-servicios-en-contreras\/","title":{"rendered":"Realiza Ayuntamiento de Coatzintla jornada de salud y servicios en Contreras"},"content":{"rendered":"<p>Visitas: 1<\/p><figure id=\"attachment_61114\" aria-describedby=\"caption-attachment-61114\" style=\"width: 587px\" class=\"wp-caption aligncenter\"><a href=\"http:\/\/www.enteratever.com\/wp-content\/uploads\/2014\/05\/Coatzintla.jpg\"><img loading=\"lazy\" decoding=\"async\" class=\"size-full wp-image-61114\" src=\"http:\/\/www.enteratever.com\/wp-content\/uploads\/2014\/05\/Coatzintla.jpg\" alt=\"Realiza Ayuntamiento de Coatzintla jornada de salud y servicios en Contreras \" width=\"587\" height=\"440\" \/><\/a><figcaption id=\"caption-attachment-61114\" class=\"wp-caption-text\">Realiza Ayuntamiento de Coatzintla jornada de salud y servicios en Contreras<\/figcaption><\/figure>\n<p style=\"text-align: justify;\">El Ayuntamiento de Coatzintla que preside C\u00e9sar Ulises Garc\u00eda V\u00e1zquez, llev\u00f3 a cabo una intensa jornada de salud y de servicios en la comunidad de Manuel Mar\u00eda Contreras, en beneficio de decenas de personas.<!--more--><\/p>\n<p style=\"text-align: justify;\">Se atendieron 35 personas en el m\u00f3dulo de salud bucal, 70 en cortes de cabello, 18 en tintes y 8 peramentes, con lo que se acumula cerca de 500 servicios desde que se empezaron con estas actividades. La atenci\u00f3n integral ya se llev\u00f3 a Santa Mar\u00eda, Palmar de Zapata, Troncones, Contreras y cabecera municipal.<\/p>\n<figure id=\"attachment_61115\" aria-describedby=\"caption-attachment-61115\" style=\"width: 587px\" class=\"wp-caption aligncenter\"><a href=\"http:\/\/www.enteratever.com\/wp-content\/uploads\/2014\/05\/Coatzintla2.jpg\"><img loading=\"lazy\" decoding=\"async\" class=\"size-full wp-image-61115\" src=\"http:\/\/www.enteratever.com\/wp-content\/uploads\/2014\/05\/Coatzintla2.jpg\" alt=\"Realiza Ayuntamiento de Coatzintla jornada de salud y servicios en Contreras \" width=\"587\" height=\"440\" \/><\/a><figcaption id=\"caption-attachment-61115\" class=\"wp-caption-text\">Realiza Ayuntamiento de Coatzintla jornada de salud y servicios en Contreras<\/figcaption><\/figure>\n<p style=\"text-align: justify;\">La s\u00edndico, Lorena L\u00f3pez Vel\u00e1zquez, entreg\u00f3 17 actas de nacimiento que, por instrucciones del alcalde, C\u00e9sar Ulises Garc\u00eda V\u00e1zquez, se extendieron de forma gratuita, como parte del programa de apoyo a la poblaci\u00f3n vulnerable del municipio.<\/p>\n<p style=\"text-align: justify;\">De acuerdo con la funcionaria p\u00fablica cada viernes se ofrecer\u00e1n estas jornadas de servicios integrales que trae un m\u00f3dulo de salud bucal, belleza, atenci\u00f3n m\u00e9dica, asesor\u00eda jur\u00eddica y otras atenciones.<\/p>\n<figure id=\"attachment_61116\" aria-describedby=\"caption-attachment-61116\" style=\"width: 330px\" class=\"wp-caption aligncenter\"><a href=\"http:\/\/www.enteratever.com\/wp-content\/uploads\/2014\/05\/SE-REALIZ\u00d3-ATENCI\u00d3N-BUCAL.jpg\"><img loading=\"lazy\" decoding=\"async\" class=\"size-full wp-image-61116\" src=\"http:\/\/www.enteratever.com\/wp-content\/uploads\/2014\/05\/SE-REALIZ\u00d3-ATENCI\u00d3N-BUCAL.jpg\" alt=\"Realiza Ayuntamiento de Coatzintla jornada de salud y servicios en Contreras \" width=\"330\" height=\"440\" \/><\/a><figcaption id=\"caption-attachment-61116\" class=\"wp-caption-text\">Realiza Ayuntamiento de Coatzintla jornada de salud y servicios en Contreras<\/figcaption><\/figure>\n<p style=\"text-align: justify;\">El pr\u00f3ximo viernes estar\u00e1n en las comunidades de Arroyo Florido, La Laja, Corralillos y se prev\u00e9 que m\u00e1s adelante se haga en Palma Sola, por lo que se hace la invitaci\u00f3n a la poblaci\u00f3n para que aprovechen los servicios.<\/p>\n","protected":false},"excerpt":{"rendered":"<p>Visitas: 1El Ayuntamiento de Coatzintla que preside C\u00e9sar Ulises Garc\u00eda V\u00e1zquez, llev\u00f3 a cabo una intensa jornada de salud y de servicios en la comunidad de Manuel Mar\u00eda Contreras, en beneficio de decenas de personas.<\/p>\n","protected":false},"author":2,"featured_media":0,"comment_status":"open","ping_status":"open","sticky":false,"template":"","format":"standard","meta":{"footnotes":""},"categories":[216],"tags":[],"class_list":{"0":"post-171017","1":"post","2":"type-post","3":"status-publish","4":"format-standard","6":"category-coatzintla"},"nelio_content":{"isAutoShareEnabled":true,"autoShareEndMode":"never","automationSources":{"useCustomSentences":false,"customSentences":[]},"followers":[],"suggestedReferences":[],"efiUrl":"","efiAlt":"","highlights":[],"permalinkQueryArgs":[],"series":[]},"_links":{"self":[{"href":"https:\/\/www.enteratever.com\/2023\/wp-json\/wp\/v2\/posts\/171017","targetHints":{"allow":["GET"]}}],"collection":[{"href":"https:\/\/www.enteratever.com\/2023\/wp-json\/wp\/v2\/posts"}],"about":[{"href":"https:\/\/www.enteratever.com\/2023\/wp-json\/wp\/v2\/types\/post"}],"author":[{"embeddable":true,"href":"https:\/\/www.enteratever.com\/2023\/wp-json\/wp\/v2\/users\/2"}],"replies":[{"embeddable":true,"href":"https:\/\/www.enteratever.com\/2023\/wp-json\/wp\/v2\/comments?post=171017"}],"version-history":[{"count":0,"href":"https:\/\/www.enteratever.com\/2023\/wp-json\/wp\/v2\/posts\/171017\/revisions"}],"wp:attachment":[{"href":"https:\/\/www.enteratever.com\/2023\/wp-json\/wp\/v2\/media?parent=171017"}],"wp:term":[{"taxonomy":"category","embeddable":true,"href":"https:\/\/www.enteratever.com\/2023\/wp-json\/wp\/v2\/categories?post=171017"},{"taxonomy":"post_tag","embeddable":true,"href":"https:\/\/www.enteratever.com\/2023\/wp-json\/wp\/v2\/tags?post=171017"}],"curies":[{"name":"wp","href":"https:\/\/api.w.org\/{rel}","templated":true}]}}