{"id":171012,"date":"2014-05-29T13:48:58","date_gmt":"2014-05-29T13:48:58","guid":{"rendered":"https:\/\/www.enteratever.com\/2023\/siembran-arboles-y-promueven-la-cultura-del-cuidado-ambiental\/"},"modified":"2014-05-29T13:48:58","modified_gmt":"2014-05-29T13:48:58","slug":"siembran-arboles-y-promueven-la-cultura-del-cuidado-ambiental","status":"publish","type":"post","link":"https:\/\/www.enteratever.com\/2023\/2014\/05\/29\/siembran-arboles-y-promueven-la-cultura-del-cuidado-ambiental\/","title":{"rendered":"Siembran \u00e1rboles y promueven la cultura del cuidado ambiental"},"content":{"rendered":"<p>Visitas: 1<\/p><figure id=\"attachment_60599\" aria-describedby=\"caption-attachment-60599\" style=\"width: 587px\" class=\"wp-caption aligncenter\"><a href=\"http:\/\/www.enteratever.com\/wp-content\/uploads\/2014\/05\/290514Coatzintla01.jpg\"><img loading=\"lazy\" decoding=\"async\" class=\"size-full wp-image-60599\" src=\"http:\/\/www.enteratever.com\/wp-content\/uploads\/2014\/05\/290514Coatzintla01.jpg\" alt=\"Siembran \u00e1rboles y promueven la cultura del cuidado ambiental \" width=\"587\" height=\"440\" \/><\/a><figcaption id=\"caption-attachment-60599\" class=\"wp-caption-text\">Siembran \u00e1rboles y promueven la cultura del cuidado ambiental<\/figcaption><\/figure>\n<p style=\"text-align: justify;\">Con pl\u00e1ticas y talleres sobre t\u00e9cnicas de siembra de \u00e1rboles y otras especies maderables y frutales se llev\u00f3 a cabo en la comunidad de Palma Sola la XVI Semana Nacional de Divulgaci\u00f3n de la Cultura Forestal.<!--more--><\/p>\n<p style=\"text-align: justify;\">A nombre del alcalde C\u00e9sar Ulises Garc\u00eda V\u00e1zquez, el regidor tercero, Jes\u00fas Monter Rodr\u00edguez, hizo un llamado a los j\u00f3venes para que valoren y protejan la grandeza de nuestro medio ambiente.<\/p>\n<p style=\"text-align: justify;\">Salvador Diego Mart\u00ednez, director de la Brigada de Educaci\u00f3n Para el Desarrollo Rural n\u00famero 42 destac\u00f3 que el objetivo principal de esta celebraci\u00f3n es dar a conocer al p\u00fablico en general sobre los recursos naturales del pa\u00eds, dentro de los cuales destacan los forestales, los cuales desempe\u00f1an un papel fundamental para la sociedad y por eso es necesario socializar las acciones de mantenimiento forestal.<\/p>\n<p style=\"text-align: justify;\">El director de Educaci\u00f3n, Elvis P\u00e9rez Hern\u00e1ndez y Lizel Oceguera Galv\u00e1n, representante del Jefe de la Oficina de la Comisi\u00f3n de Agua del Estado de Veracruz (CAEV), Oscar Peraza Turrent, as\u00ed como tambi\u00e9n la directora del Telebachillerato de Palma Sola, Santa Ruth V\u00e1zquez Gasga, dirigieron mensajes. Tambi\u00e9n habl\u00f3 el productor Eddy Sol\u00eds Carrillo, quien hizo un llamado a los estudiantes para que consuman las frutas, verduras y granos que se producen en Coatzintla.<\/p>\n<p style=\"text-align: justify;\">Posteriormente llevaron a cabo el taller de siembra de especies frutales para lo cual se trasladaron a una parcela donde de la teor\u00eda se pas\u00f3 a la pr\u00e1ctica, con la participaci\u00f3n de alumnos y docentes del TEBA de Palma Sola e invitados.<\/p>\n","protected":false},"excerpt":{"rendered":"<p>Visitas: 1Con pl\u00e1ticas y talleres sobre t\u00e9cnicas de siembra de \u00e1rboles y otras especies maderables y frutales se llev\u00f3 a cabo en la comunidad de Palma Sola la XVI Semana Nacional de Divulgaci\u00f3n de la Cultura Forestal.<\/p>\n","protected":false},"author":2,"featured_media":0,"comment_status":"open","ping_status":"open","sticky":false,"template":"","format":"standard","meta":{"footnotes":""},"categories":[216],"tags":[],"class_list":{"0":"post-171012","1":"post","2":"type-post","3":"status-publish","4":"format-standard","6":"category-coatzintla"},"nelio_content":{"isAutoShareEnabled":true,"autoShareEndMode":"never","automationSources":{"useCustomSentences":false,"customSentences":[]},"followers":[],"suggestedReferences":[],"efiUrl":"","efiAlt":"","highlights":[],"permalinkQueryArgs":[],"series":[]},"_links":{"self":[{"href":"https:\/\/www.enteratever.com\/2023\/wp-json\/wp\/v2\/posts\/171012","targetHints":{"allow":["GET"]}}],"collection":[{"href":"https:\/\/www.enteratever.com\/2023\/wp-json\/wp\/v2\/posts"}],"about":[{"href":"https:\/\/www.enteratever.com\/2023\/wp-json\/wp\/v2\/types\/post"}],"author":[{"embeddable":true,"href":"https:\/\/www.enteratever.com\/2023\/wp-json\/wp\/v2\/users\/2"}],"replies":[{"embeddable":true,"href":"https:\/\/www.enteratever.com\/2023\/wp-json\/wp\/v2\/comments?post=171012"}],"version-history":[{"count":0,"href":"https:\/\/www.enteratever.com\/2023\/wp-json\/wp\/v2\/posts\/171012\/revisions"}],"wp:attachment":[{"href":"https:\/\/www.enteratever.com\/2023\/wp-json\/wp\/v2\/media?parent=171012"}],"wp:term":[{"taxonomy":"category","embeddable":true,"href":"https:\/\/www.enteratever.com\/2023\/wp-json\/wp\/v2\/categories?post=171012"},{"taxonomy":"post_tag","embeddable":true,"href":"https:\/\/www.enteratever.com\/2023\/wp-json\/wp\/v2\/tags?post=171012"}],"curies":[{"name":"wp","href":"https:\/\/api.w.org\/{rel}","templated":true}]}}