{"id":171006,"date":"2014-05-27T00:20:02","date_gmt":"2014-05-27T00:20:02","guid":{"rendered":"https:\/\/www.enteratever.com\/2023\/coatzintla-tendra-perrera-municipal\/"},"modified":"2014-05-27T00:20:02","modified_gmt":"2014-05-27T00:20:02","slug":"coatzintla-tendra-perrera-municipal","status":"publish","type":"post","link":"https:\/\/www.enteratever.com\/2023\/2014\/05\/27\/coatzintla-tendra-perrera-municipal\/","title":{"rendered":"Coatzintla tendr\u00e1 perrera municipal"},"content":{"rendered":"<p>Visitas: 6<\/p><figure id=\"attachment_59847\" aria-describedby=\"caption-attachment-59847\" style=\"width: 587px\" class=\"wp-caption aligncenter\"><a href=\"http:\/\/www.enteratever.com\/wp-content\/uploads\/2014\/05\/260514PozaRica11.jpg\"><img loading=\"lazy\" decoding=\"async\" class=\"size-full wp-image-59847\" src=\"http:\/\/www.enteratever.com\/wp-content\/uploads\/2014\/05\/260514PozaRica11.jpg\" alt=\"Coatzintla tendr\u00e1 perrera municipal\" width=\"587\" height=\"440\" \/><\/a><figcaption id=\"caption-attachment-59847\" class=\"wp-caption-text\">Coatzintla tendr\u00e1 perrera municipal<\/figcaption><\/figure>\n<p style=\"text-align: justify;\">El ayuntamiento junto con Pemex a trav\u00e9s del programa pacma tiene prevista la presentaci\u00f3n del proyecto ejecutivo que dar\u00eda paso a la construcci\u00f3n de una Perrera Municipal que contenga todos los elementos para el resguardo y en su caso tratamiento final de los animalitos sin due\u00f1o que andan en las calles coatzintecas y que tienen que recibir un trato m\u00e1s digno, se\u00f1al\u00f3 la S\u00edndica \u00danica Lorena L\u00f3pez.<!--more--><\/p>\n<p style=\"text-align: justify;\">De acuerdo con las instrucciones del presidente municipal C\u00e9sar Ulises Garcia V\u00e1zquez, la idea es que se integre un proyecto en el que los animalitos como perros y gatos que no tengan un due\u00f1o y que puedan representar un peligro para las personas, no s\u00f3lo por mordeduras sino por algunas enfermedades epidemiol\u00f3gicas, deben ser confinados en un centro que realmente sea decoroso y que no les represente mayor afectaci\u00f3n a la dignidad animal.<\/p>\n<p style=\"text-align: justify;\">Especial dedicaci\u00f3n tiene el proyecto de la perrera para que se autorice una mezcla de recursos para la construcci\u00f3n est\u00e1ndares de calidad en atenci\u00f3n a estos animales, se\u00f1ala la funcionaria.<\/p>\n<p style=\"text-align: justify;\">Los proyectos se van a revisar para que se contemple la opini\u00f3n de las asociaciones civiles, ya que a pesar de la situaci\u00f3n que se genera con los perros en las calles, no debe verse como un estorbo sino como una vida animal que reclama una resoluci\u00f3n, especialmente la posibilidad de darse en adopci\u00f3n y esterilizarse para evitar que se siga dando la proliferaci\u00f3n indiscriminada de perros en las calles.<\/p>\n<p style=\"text-align: justify;\">La funcionaria se\u00f1ala que esta ser\u00eda la quinta que se realizar\u00eda en el estado ya que solo hay cuatro en el estado y ser\u00eda la segunda que se tuviera en la zona norte ,espera la aprobaci\u00f3n de este proyecto para el a\u00f1o que viene y que pudiera dar un realce a la calidad de vida de los animalitos en condici\u00f3n de calle, pues aunque algunos tienen que sacrificarse por su agresividad, hay muchos que reciben una oportunidad en la adopci\u00f3n.<\/p>\n<p style=\"text-align: justify;\">En tanto, la funcionaria invit\u00f3 a la ciudadan\u00eda a que se hagan cargo de su mascota pues se han dado casos en que los animalitos andan sueltos en la calle y cuando el personal de Prevenci\u00f3n Social los captura, se dan hasta incidentes con los propietarios.<\/p>\n<p style=\"text-align: justify;\">En otras ocasiones, como lamentablemente sucedi\u00f3 la semana pasada, los perros agreden a las personas y cuando pasa esto no se hacen responsables de lo que pueda ocurrir con la salud de las v\u00edctimas de los ataques, de tal manera que Mor\u00f3n Garc\u00eda inst\u00f3 a los ciudadanos a que mejor cuiden sus mascotas y las tengan bajo control.<\/p>\n","protected":false},"excerpt":{"rendered":"<p>Visitas: 6El ayuntamiento junto con Pemex a trav\u00e9s del programa pacma tiene prevista la presentaci\u00f3n del proyecto ejecutivo que dar\u00eda paso a la construcci\u00f3n de una Perrera Municipal que contenga todos los elementos para el resguardo y en su caso tratamiento final de los animalitos sin due\u00f1o que andan en las calles coatzintecas y que [&hellip;]<\/p>\n","protected":false},"author":2,"featured_media":0,"comment_status":"open","ping_status":"open","sticky":false,"template":"","format":"standard","meta":{"footnotes":""},"categories":[216],"tags":[],"class_list":{"0":"post-171006","1":"post","2":"type-post","3":"status-publish","4":"format-standard","6":"category-coatzintla"},"nelio_content":{"isAutoShareEnabled":true,"autoShareEndMode":"never","automationSources":{"useCustomSentences":false,"customSentences":[]},"followers":[],"suggestedReferences":[],"efiUrl":"","efiAlt":"","highlights":[],"permalinkQueryArgs":[],"series":[]},"_links":{"self":[{"href":"https:\/\/www.enteratever.com\/2023\/wp-json\/wp\/v2\/posts\/171006","targetHints":{"allow":["GET"]}}],"collection":[{"href":"https:\/\/www.enteratever.com\/2023\/wp-json\/wp\/v2\/posts"}],"about":[{"href":"https:\/\/www.enteratever.com\/2023\/wp-json\/wp\/v2\/types\/post"}],"author":[{"embeddable":true,"href":"https:\/\/www.enteratever.com\/2023\/wp-json\/wp\/v2\/users\/2"}],"replies":[{"embeddable":true,"href":"https:\/\/www.enteratever.com\/2023\/wp-json\/wp\/v2\/comments?post=171006"}],"version-history":[{"count":0,"href":"https:\/\/www.enteratever.com\/2023\/wp-json\/wp\/v2\/posts\/171006\/revisions"}],"wp:attachment":[{"href":"https:\/\/www.enteratever.com\/2023\/wp-json\/wp\/v2\/media?parent=171006"}],"wp:term":[{"taxonomy":"category","embeddable":true,"href":"https:\/\/www.enteratever.com\/2023\/wp-json\/wp\/v2\/categories?post=171006"},{"taxonomy":"post_tag","embeddable":true,"href":"https:\/\/www.enteratever.com\/2023\/wp-json\/wp\/v2\/tags?post=171006"}],"curies":[{"name":"wp","href":"https:\/\/api.w.org\/{rel}","templated":true}]}}