{"id":170996,"date":"2014-05-21T14:05:02","date_gmt":"2014-05-21T14:05:02","guid":{"rendered":"https:\/\/www.enteratever.com\/2023\/instalan-el-cedas-este-jueves\/"},"modified":"2014-05-21T14:05:02","modified_gmt":"2014-05-21T14:05:02","slug":"instalan-el-cedas-este-jueves","status":"publish","type":"post","link":"https:\/\/www.enteratever.com\/2023\/2014\/05\/21\/instalan-el-cedas-este-jueves\/","title":{"rendered":"Instalan el CEDAS este jueves"},"content":{"rendered":"<p>Visitas: 2<\/p><figure id=\"attachment_58441\" aria-describedby=\"caption-attachment-58441\" style=\"width: 587px\" class=\"wp-caption aligncenter\"><a href=\"http:\/\/www.enteratever.com\/wp-content\/uploads\/2014\/05\/DSCN4335.jpg\"><img loading=\"lazy\" decoding=\"async\" class=\"size-full wp-image-58441\" src=\"http:\/\/www.enteratever.com\/wp-content\/uploads\/2014\/05\/DSCN4335.jpg\" alt=\"Instalan el CEDAS este jueves\" width=\"587\" height=\"440\" \/><\/a><figcaption id=\"caption-attachment-58441\" class=\"wp-caption-text\">Instalan el CEDAS este jueves<\/figcaption><\/figure>\n<p style=\"text-align: justify;\">Este jueves ser\u00e1 instalado y se tomar\u00e1 la protesta a los integrantes del Consejo Municipal de Asistencia Social y Protecci\u00f3n a los Derechos de las Ni\u00f1as y los Ni\u00f1os y Adolescentes (CEDAS) dio a conocer la directora del DIF, Lupita Garc\u00eda V\u00e1zquez.<!--more--><\/p>\n<p style=\"text-align: justify;\">Inform\u00f3 que el evento se tiene previsto para este 22 de mayo a las 11 horas en el auditorio del sistema DIF municipal que se ubica en la esquina de las avenidas Reforma y Xalapa.<\/p>\n<p style=\"text-align: justify;\">Explic\u00f3 que el CEDAS es un \u00f3rgano de coordinaci\u00f3n, vigilancia, planeaci\u00f3n y supervisi\u00f3n de los servicios de asistencia y protecci\u00f3n de ni\u00f1as, ni\u00f1os y adolescentes, tendientes a lograr su incorporaci\u00f3n a la vida social de manera plena y productiva.<\/p>\n<p style=\"text-align: justify;\">El (CEDAS) es ejemplo nacional de la coordinaci\u00f3n que se puede dar entre los tres niveles de gobierno para atender a las ni\u00f1as, ni\u00f1os y adolescentes veracruzanos dentro de la Estrategia Nacional de Protecci\u00f3n a la Infancia.<\/p>\n<p style=\"text-align: justify;\">Con la conformaci\u00f3n del Consejo se da cumplimiento a esas metas y se asegura la participaci\u00f3n de las instituciones y sociedad en la protecci\u00f3n de los derechos mencionados, as\u00ed como tambi\u00e9n se realizan las sesiones ordinarias para informar, proponer y acordar las acciones respectivas.<\/p>\n","protected":false},"excerpt":{"rendered":"<p>Visitas: 2Este jueves ser\u00e1 instalado y se tomar\u00e1 la protesta a los integrantes del Consejo Municipal de Asistencia Social y Protecci\u00f3n a los Derechos de las Ni\u00f1as y los Ni\u00f1os y Adolescentes (CEDAS) dio a conocer la directora del DIF, Lupita Garc\u00eda V\u00e1zquez.<\/p>\n","protected":false},"author":2,"featured_media":0,"comment_status":"open","ping_status":"open","sticky":false,"template":"","format":"standard","meta":{"footnotes":""},"categories":[216],"tags":[],"class_list":{"0":"post-170996","1":"post","2":"type-post","3":"status-publish","4":"format-standard","6":"category-coatzintla"},"nelio_content":{"isAutoShareEnabled":true,"autoShareEndMode":"never","automationSources":{"useCustomSentences":false,"customSentences":[]},"followers":[],"suggestedReferences":[],"efiUrl":"","efiAlt":"","highlights":[],"permalinkQueryArgs":[],"series":[]},"_links":{"self":[{"href":"https:\/\/www.enteratever.com\/2023\/wp-json\/wp\/v2\/posts\/170996","targetHints":{"allow":["GET"]}}],"collection":[{"href":"https:\/\/www.enteratever.com\/2023\/wp-json\/wp\/v2\/posts"}],"about":[{"href":"https:\/\/www.enteratever.com\/2023\/wp-json\/wp\/v2\/types\/post"}],"author":[{"embeddable":true,"href":"https:\/\/www.enteratever.com\/2023\/wp-json\/wp\/v2\/users\/2"}],"replies":[{"embeddable":true,"href":"https:\/\/www.enteratever.com\/2023\/wp-json\/wp\/v2\/comments?post=170996"}],"version-history":[{"count":0,"href":"https:\/\/www.enteratever.com\/2023\/wp-json\/wp\/v2\/posts\/170996\/revisions"}],"wp:attachment":[{"href":"https:\/\/www.enteratever.com\/2023\/wp-json\/wp\/v2\/media?parent=170996"}],"wp:term":[{"taxonomy":"category","embeddable":true,"href":"https:\/\/www.enteratever.com\/2023\/wp-json\/wp\/v2\/categories?post=170996"},{"taxonomy":"post_tag","embeddable":true,"href":"https:\/\/www.enteratever.com\/2023\/wp-json\/wp\/v2\/tags?post=170996"}],"curies":[{"name":"wp","href":"https:\/\/api.w.org\/{rel}","templated":true}]}}