{"id":170993,"date":"2014-05-19T15:20:16","date_gmt":"2014-05-19T15:20:16","guid":{"rendered":"https:\/\/www.enteratever.com\/2023\/detectan-maltratos-hacia-discapacidad-en-coatzintla\/"},"modified":"2014-05-19T15:20:16","modified_gmt":"2014-05-19T15:20:16","slug":"detectan-maltratos-hacia-discapacidad-en-coatzintla","status":"publish","type":"post","link":"https:\/\/www.enteratever.com\/2023\/2014\/05\/19\/detectan-maltratos-hacia-discapacidad-en-coatzintla\/","title":{"rendered":"Detectan maltratos hacia discapacidad en Coatzintla"},"content":{"rendered":"<p>Visitas: 1<\/p><figure id=\"attachment_57668\" aria-describedby=\"caption-attachment-57668\" style=\"width: 660px\" class=\"wp-caption aligncenter\"><a href=\"http:\/\/www.enteratever.com\/wp-content\/uploads\/2014\/05\/190514PozaRica06.jpg\"><img loading=\"lazy\" decoding=\"async\" class=\"size-full wp-image-57668\" src=\"http:\/\/www.enteratever.com\/wp-content\/uploads\/2014\/05\/190514PozaRica06.jpg\" alt=\"Detectan maltratos hacia discapacidad en Coatzintla\" width=\"660\" height=\"440\" \/><\/a><figcaption id=\"caption-attachment-57668\" class=\"wp-caption-text\">Detectan maltratos hacia discapacidad en Coatzintla<\/figcaption><\/figure>\n<p style=\"text-align: justify;\">Por Jos\u00e9 Mart\u00edn<\/p>\n<p style=\"text-align: justify;\">Poza Rica, Ver.- En las comunidades del municipio de Coatzintla se han detectado casos de maltrato hacia ni\u00f1os con discapacidad f\u00edsica e intelectual por parte de los padres de familia, afirm\u00f3 la directora de las Unidades de Servicios de Apoyo a la Escuela Regular (USAER), Mayra Isabel Soto Lemus.<!--more--><\/p>\n<p style=\"text-align: justify;\">Adem\u00e1s, en esas mismas localidades tambi\u00e9n descubrieron que los menores de edad no asisten a las escuelas ya que los pap\u00e1s no saben a qu\u00e9 lugares recurrir para solicitar asesor\u00edas a fin de que sus hijos cursen su educaci\u00f3n primaria y secundaria o en ocasiones no los aceptan por falta de personal acad\u00e9mico.<\/p>\n<p style=\"text-align: justify;\">Dijo no contar con estad\u00edsticas de maltrato, pero insisti\u00f3 en que la mayor\u00eda de los infantes sufren de violencia psicol\u00f3gica y descuidos de los padres de familia, que por cuestiones laborales dejan a sus hijos en casa, amarrados, durante m\u00e1s de ocho horas.<\/p>\n<p style=\"text-align: justify;\">Esto ha generado que los peque\u00f1os sean t\u00edmidos y no se relacionen con otros ni\u00f1os que presentan las mismas discapacidades. Los casos detectados fueron descubiertos junto con los trabajadores del sistema para el Desarrollo Integral de la Familia (DIF), municipal de Coatzintla.<\/p>\n<p style=\"text-align: justify;\">Con los recorridos tambi\u00e9n detectaron que en los municipios de Guti\u00e9rrez Zamora, Papantla, Coatzintla, Poza Rica y Tihuatl\u00e1n, incrementaron las cifras de infantes con nuevos s\u00edndromes como el asperger, autismo, trastorno por d\u00e9ficit de atenci\u00f3n e hiperactividad, principalmente.<\/p>\n<p style=\"text-align: justify;\">Estos padecimientos provocan que los menores de edad no sean aceptados en las escuelas p\u00fablicas con argumentos de que no disponen de maestros especializados en la educaci\u00f3n regular, y en algunos casos, los que fueron aceptados, tienen problemas de atenci\u00f3n y aprendizaje, refiri\u00f3 la funcionaria de la USAER.<\/p>\n<p style=\"text-align: justify;\">Isabel Soto indic\u00f3 que a\u00fan desconocen los motivos del surgimiento de estos trastornos f\u00edsicos e intelectuales, lo que ha causado que los sometan a distintos tratamientos m\u00e9dicos inadecuados que no solucionar\u00e1n sus padecimientos.<\/p>\n","protected":false},"excerpt":{"rendered":"<p>Visitas: 1Por Jos\u00e9 Mart\u00edn Poza Rica, Ver.- En las comunidades del municipio de Coatzintla se han detectado casos de maltrato hacia ni\u00f1os con discapacidad f\u00edsica e intelectual por parte de los padres de familia, afirm\u00f3 la directora de las Unidades de Servicios de Apoyo a la Escuela Regular (USAER), Mayra Isabel Soto Lemus.<\/p>\n","protected":false},"author":2,"featured_media":0,"comment_status":"open","ping_status":"open","sticky":false,"template":"","format":"standard","meta":{"footnotes":""},"categories":[216],"tags":[],"class_list":{"0":"post-170993","1":"post","2":"type-post","3":"status-publish","4":"format-standard","6":"category-coatzintla"},"nelio_content":{"isAutoShareEnabled":true,"autoShareEndMode":"never","automationSources":{"useCustomSentences":false,"customSentences":[]},"followers":[],"suggestedReferences":[],"efiUrl":"","efiAlt":"","highlights":[],"permalinkQueryArgs":[],"series":[]},"_links":{"self":[{"href":"https:\/\/www.enteratever.com\/2023\/wp-json\/wp\/v2\/posts\/170993","targetHints":{"allow":["GET"]}}],"collection":[{"href":"https:\/\/www.enteratever.com\/2023\/wp-json\/wp\/v2\/posts"}],"about":[{"href":"https:\/\/www.enteratever.com\/2023\/wp-json\/wp\/v2\/types\/post"}],"author":[{"embeddable":true,"href":"https:\/\/www.enteratever.com\/2023\/wp-json\/wp\/v2\/users\/2"}],"replies":[{"embeddable":true,"href":"https:\/\/www.enteratever.com\/2023\/wp-json\/wp\/v2\/comments?post=170993"}],"version-history":[{"count":0,"href":"https:\/\/www.enteratever.com\/2023\/wp-json\/wp\/v2\/posts\/170993\/revisions"}],"wp:attachment":[{"href":"https:\/\/www.enteratever.com\/2023\/wp-json\/wp\/v2\/media?parent=170993"}],"wp:term":[{"taxonomy":"category","embeddable":true,"href":"https:\/\/www.enteratever.com\/2023\/wp-json\/wp\/v2\/categories?post=170993"},{"taxonomy":"post_tag","embeddable":true,"href":"https:\/\/www.enteratever.com\/2023\/wp-json\/wp\/v2\/tags?post=170993"}],"curies":[{"name":"wp","href":"https:\/\/api.w.org\/{rel}","templated":true}]}}