{"id":170976,"date":"2014-05-13T14:09:42","date_gmt":"2014-05-13T14:09:42","guid":{"rendered":"https:\/\/www.enteratever.com\/2023\/va-por-rescate-de-la-unidad-deportiva\/"},"modified":"2014-05-13T14:09:42","modified_gmt":"2014-05-13T14:09:42","slug":"va-por-rescate-de-la-unidad-deportiva","status":"publish","type":"post","link":"https:\/\/www.enteratever.com\/2023\/2014\/05\/13\/va-por-rescate-de-la-unidad-deportiva\/","title":{"rendered":"Va por rescate de la Unidad Deportiva"},"content":{"rendered":"<p>Visitas: 1<\/p><figure id=\"attachment_56025\" aria-describedby=\"caption-attachment-56025\" style=\"width: 587px\" class=\"wp-caption aligncenter\"><a href=\"http:\/\/www.enteratever.com\/wp-content\/uploads\/2014\/05\/120514PozaRica24.jpg\"><img loading=\"lazy\" decoding=\"async\" class=\"size-full wp-image-56025\" src=\"http:\/\/www.enteratever.com\/wp-content\/uploads\/2014\/05\/120514PozaRica24.jpg\" alt=\"Va por rescate de la Unidad Deportiva\" width=\"587\" height=\"440\" \/><\/a><figcaption id=\"caption-attachment-56025\" class=\"wp-caption-text\">Va por rescate de la Unidad Deportiva<\/figcaption><\/figure>\n<p style=\"text-align: justify;\">Coatzintla, Ver.- En lo que ser\u00eda \u201cmatar dos p\u00e1jaros de un solo tiro\u201d, el Cabildo de Coatzintla, que encabeza C\u00e9sar Ulises Garc\u00eda V\u00e1zquez, pretende rehabilitar la Unidad Deportiva y acondicionar los accesos para realizar ah\u00ed la tradicional Feria de Santiago Ap\u00f3stol, tentativamente del 23 al 27 de julio.<!--more--><\/p>\n<p style=\"text-align: justify;\">Acompa\u00f1ado de los regidores Aldo Ren\u00e9 Herrera D\u00edaz, Jaime Vel\u00e1zquez Gonz\u00e1lez y Jes\u00fas Monter Rodr\u00edguez, as\u00ed como tambi\u00e9n de la alcaldesa por un d\u00eda Karla Hiromi Villanueva Mancilla, recorri\u00f3 el lugar y al terminar manifest\u00f3 su proyecto de rescatar ese espacio deportivo abandonado por a\u00f1os.<\/p>\n<p style=\"text-align: justify;\">\u201cEstaba totalmente olvidado\u201d, dijo. \u201cPero se chape\u00f3, se destronc\u00f3. La idea es aprovechar para instalar aqu\u00ed nuestra gran feria patronal y que estas instalaciones queden al servicio de la sociedad como la Unidad Deportiva \u2018Adolfo L\u00f3pez Mateos\u2019\u201d.<\/p>\n<p style=\"text-align: justify;\">Agreg\u00f3 que se tiene previsto llevar a cabo la Feria de Santiago Ap\u00f3stol del 23 al 27 de julio, en el espacio actual de la Unidad Deportiva y en ese sentido pidi\u00f3 cooperaci\u00f3n a las empresas MS y PIVECO.<\/p>\n<p style=\"text-align: justify;\">Dijo que la prioridad, adem\u00e1s de limpiar, rehabilitar y acondicionar el \u00e1rea donde se encuentra la Unidad Deportiva, ser\u00e1 construir una calle desde la Carrera Poza Rica-Coatzintla hasta las instalaciones deportivas.<\/p>\n","protected":false},"excerpt":{"rendered":"<p>Visitas: 1Coatzintla, Ver.- En lo que ser\u00eda \u201cmatar dos p\u00e1jaros de un solo tiro\u201d, el Cabildo de Coatzintla, que encabeza C\u00e9sar Ulises Garc\u00eda V\u00e1zquez, pretende rehabilitar la Unidad Deportiva y acondicionar los accesos para realizar ah\u00ed la tradicional Feria de Santiago Ap\u00f3stol, tentativamente del 23 al 27 de julio.<\/p>\n","protected":false},"author":2,"featured_media":0,"comment_status":"open","ping_status":"open","sticky":false,"template":"","format":"standard","meta":{"footnotes":""},"categories":[216],"tags":[],"class_list":{"0":"post-170976","1":"post","2":"type-post","3":"status-publish","4":"format-standard","6":"category-coatzintla"},"nelio_content":{"isAutoShareEnabled":true,"autoShareEndMode":"never","automationSources":{"useCustomSentences":false,"customSentences":[]},"followers":[],"suggestedReferences":[],"efiUrl":"","efiAlt":"","highlights":[],"permalinkQueryArgs":[],"series":[]},"_links":{"self":[{"href":"https:\/\/www.enteratever.com\/2023\/wp-json\/wp\/v2\/posts\/170976","targetHints":{"allow":["GET"]}}],"collection":[{"href":"https:\/\/www.enteratever.com\/2023\/wp-json\/wp\/v2\/posts"}],"about":[{"href":"https:\/\/www.enteratever.com\/2023\/wp-json\/wp\/v2\/types\/post"}],"author":[{"embeddable":true,"href":"https:\/\/www.enteratever.com\/2023\/wp-json\/wp\/v2\/users\/2"}],"replies":[{"embeddable":true,"href":"https:\/\/www.enteratever.com\/2023\/wp-json\/wp\/v2\/comments?post=170976"}],"version-history":[{"count":0,"href":"https:\/\/www.enteratever.com\/2023\/wp-json\/wp\/v2\/posts\/170976\/revisions"}],"wp:attachment":[{"href":"https:\/\/www.enteratever.com\/2023\/wp-json\/wp\/v2\/media?parent=170976"}],"wp:term":[{"taxonomy":"category","embeddable":true,"href":"https:\/\/www.enteratever.com\/2023\/wp-json\/wp\/v2\/categories?post=170976"},{"taxonomy":"post_tag","embeddable":true,"href":"https:\/\/www.enteratever.com\/2023\/wp-json\/wp\/v2\/tags?post=170976"}],"curies":[{"name":"wp","href":"https:\/\/api.w.org\/{rel}","templated":true}]}}