{"id":170962,"date":"2014-05-06T00:39:36","date_gmt":"2014-05-06T00:39:36","guid":{"rendered":"https:\/\/www.enteratever.com\/2023\/expo-flor-y-planta-en-el-parque-central-manlio-fabio-altamirano\/"},"modified":"2014-05-06T00:39:36","modified_gmt":"2014-05-06T00:39:36","slug":"expo-flor-y-planta-en-el-parque-central-manlio-fabio-altamirano","status":"publish","type":"post","link":"https:\/\/www.enteratever.com\/2023\/2014\/05\/06\/expo-flor-y-planta-en-el-parque-central-manlio-fabio-altamirano\/","title":{"rendered":"Expo flor y planta en el parque central Manlio Fabio Altamirano"},"content":{"rendered":"<p>Visitas: 1<\/p><figure id=\"attachment_54049\" aria-describedby=\"caption-attachment-54049\" style=\"width: 587px\" class=\"wp-caption aligncenter\"><a href=\"http:\/\/www.enteratever.com\/wp-content\/uploads\/2014\/05\/050514PozaRica19.jpg\"><img loading=\"lazy\" decoding=\"async\" class=\"size-full wp-image-54049\" alt=\"Expo flor y planta en el parque central Manlio Fabio Altamirano\" src=\"http:\/\/www.enteratever.com\/wp-content\/uploads\/2014\/05\/050514PozaRica19.jpg\" width=\"587\" height=\"440\" \/><\/a><figcaption id=\"caption-attachment-54049\" class=\"wp-caption-text\">Expo flor y planta en el parque central Manlio Fabio Altamirano<\/figcaption><\/figure>\n<p style=\"text-align: justify\">Ya se empez\u00f3 a instalar en el parque central Manlio Fabio Altamirano lo que ser\u00e1 la Expo Flor y Plantas 2014 que trae decenas de especies adaptadas especialmente al clima caluroso extremoso que predomina en esta regi\u00f3n.<!--more--><\/p>\n<p style=\"text-align: justify\">Mientras descargaban y acomodaban las diferentes especies que se van a mostrar, Fernando Gonz\u00e1lez, encargado de la exposici\u00f3n, dijo que estar\u00e1n en Coatzintla alrededor de dos semanas para disfrute de los coatzintecos.<\/p>\n<p style=\"text-align: justify\">\u201cTraemos Fornios, Crotos, Durandas, Starline, Petunias, que son especiales para este clima, que no se secan, Palmas Arecas y Rubelinas, la famosa Patita de elefante, esas en cualquier lugar dan y son plantas prehist\u00f3ricas, tienen millones de a\u00f1os aqu\u00ed; tambi\u00e9n Gardenias que florean todo el a\u00f1o, con un olor muy bonito, traigo el Tulip\u00e1n injertado que a diferencia del normal florea todo el a\u00f1o, Palmas Erizos que se acomodan a este clima porque son des\u00e9rticas, tambi\u00e9n tengo el famoso Huele de Noche que en las noches desprende un aroma impregnante, Copa de Oro, Margaritas y van a llegar m\u00e1s.<\/p>\n<p style=\"text-align: justify\">Correspondi\u00f3 a la s\u00edndico, Lorena L\u00f3pez Vel\u00e1zquez, supervisar toda la descarga de plantas y flores y organizar d\u00f3nde se van a acomodar, de manera que desde anoche y a partir de hoy estar\u00e1n disponibles para que la poblaci\u00f3n coatzinteca las visite, admire y, s\u00ed as\u00ed lo decide, las adquiera.<\/p>\n<p style=\"text-align: justify\">La funcionaria coment\u00f3 que en un convenio de colaboraci\u00f3n los viveristas coadyuvar\u00e1n con el Ayuntamiento de Coatzintla para dar mantenimiento a las \u00e1reas verdes del parque Manlio Fabio Altamirano y recuperar los jardines.<\/p>\n","protected":false},"excerpt":{"rendered":"<p>Visitas: 1Ya se empez\u00f3 a instalar en el parque central Manlio Fabio Altamirano lo que ser\u00e1 la Expo Flor y Plantas 2014 que trae decenas de especies adaptadas especialmente al clima caluroso extremoso que predomina en esta regi\u00f3n.<\/p>\n","protected":false},"author":2,"featured_media":0,"comment_status":"open","ping_status":"open","sticky":false,"template":"","format":"standard","meta":{"footnotes":""},"categories":[216],"tags":[],"class_list":{"0":"post-170962","1":"post","2":"type-post","3":"status-publish","4":"format-standard","6":"category-coatzintla"},"nelio_content":{"isAutoShareEnabled":true,"autoShareEndMode":"never","automationSources":{"useCustomSentences":false,"customSentences":[]},"followers":[],"suggestedReferences":[],"efiUrl":"","efiAlt":"","highlights":[],"permalinkQueryArgs":[],"series":[]},"_links":{"self":[{"href":"https:\/\/www.enteratever.com\/2023\/wp-json\/wp\/v2\/posts\/170962","targetHints":{"allow":["GET"]}}],"collection":[{"href":"https:\/\/www.enteratever.com\/2023\/wp-json\/wp\/v2\/posts"}],"about":[{"href":"https:\/\/www.enteratever.com\/2023\/wp-json\/wp\/v2\/types\/post"}],"author":[{"embeddable":true,"href":"https:\/\/www.enteratever.com\/2023\/wp-json\/wp\/v2\/users\/2"}],"replies":[{"embeddable":true,"href":"https:\/\/www.enteratever.com\/2023\/wp-json\/wp\/v2\/comments?post=170962"}],"version-history":[{"count":0,"href":"https:\/\/www.enteratever.com\/2023\/wp-json\/wp\/v2\/posts\/170962\/revisions"}],"wp:attachment":[{"href":"https:\/\/www.enteratever.com\/2023\/wp-json\/wp\/v2\/media?parent=170962"}],"wp:term":[{"taxonomy":"category","embeddable":true,"href":"https:\/\/www.enteratever.com\/2023\/wp-json\/wp\/v2\/categories?post=170962"},{"taxonomy":"post_tag","embeddable":true,"href":"https:\/\/www.enteratever.com\/2023\/wp-json\/wp\/v2\/tags?post=170962"}],"curies":[{"name":"wp","href":"https:\/\/api.w.org\/{rel}","templated":true}]}}