{"id":170954,"date":"2014-05-01T22:37:23","date_gmt":"2014-05-01T22:37:23","guid":{"rendered":"https:\/\/www.enteratever.com\/2023\/todo-listo-para-el-concurso-de-canto\/"},"modified":"2014-05-01T22:37:23","modified_gmt":"2014-05-01T22:37:23","slug":"todo-listo-para-el-concurso-de-canto","status":"publish","type":"post","link":"https:\/\/www.enteratever.com\/2023\/2014\/05\/01\/todo-listo-para-el-concurso-de-canto\/","title":{"rendered":"Todo listo para el concurso de canto"},"content":{"rendered":"<p>Visitas: 1<\/p><figure id=\"attachment_52840\" aria-describedby=\"caption-attachment-52840\" style=\"width: 330px\" class=\"wp-caption aligncenter\"><a href=\"http:\/\/www.enteratever.com\/wp-content\/uploads\/2014\/05\/BRAYAN-ALBERTO-GARCIA-BARRALES-DIRECTOR-DE-LA-JUVENTUD.jpg\"><img loading=\"lazy\" decoding=\"async\" class=\"size-full wp-image-52840\" alt=\"Todo listo para el concurso de canto \" src=\"http:\/\/www.enteratever.com\/wp-content\/uploads\/2014\/05\/BRAYAN-ALBERTO-GARCIA-BARRALES-DIRECTOR-DE-LA-JUVENTUD.jpg\" width=\"330\" height=\"440\" \/><\/a><figcaption id=\"caption-attachment-52840\" class=\"wp-caption-text\">Todo listo para el concurso de canto<\/figcaption><\/figure>\n<p style=\"text-align: justify\">Ya est\u00e1 todo listo para que se lleve a cabo el concurso de canto \u2018Talento Joven\u2019 este domingo a las 5 de la tarde, en el parque Manlio Fabio Altamirano, oportunidad para que todas las familias de Coatzintla pasen un rato de sano esparcimiento.<!--more--><\/p>\n<p style=\"text-align: justify\">El Director Municipal de la Juventud, Brayan Garc\u00eda Barrales, dijo que los concursantes mostrar\u00e1n lo mejor de su talento en el g\u00e9nero ranchero, por lo que s\u00f3lo hace falta que los coatzintecos est\u00e9n presentes en el evento.<\/p>\n<p style=\"text-align: justify\">Manifest\u00f3 que el evento de este domingo a las 5 de la tarde en el parque Manlio Fabio Altamirano, es la primera etapa de la que van a salir seleccionados los mejores exponentes de la m\u00fasica ranchera, quienes pasar\u00e1n a la gran final que tendr\u00e1 lugar el domingo 11 de mayo, en el parque Manlio Fabio Altamirano, a la misma hora.<\/p>\n<p style=\"text-align: justify\">Explic\u00f3 que de la final saldr\u00e1 un ganador que se convertir\u00e1 en el representante de Coatzintla en el certamen estatal de canto.<\/p>\n<p style=\"text-align: justify\">Por \u00faltimo destac\u00f3 que el gobierno municipal que encabeza C\u00e9sar Ulises Garc\u00eda V\u00e1zquez, da prioridad a la difusi\u00f3n y proyecci\u00f3n de las actividades culturales y recreativas en el municipio de Coatzintla<\/p>\n","protected":false},"excerpt":{"rendered":"<p>Visitas: 1Ya est\u00e1 todo listo para que se lleve a cabo el concurso de canto \u2018Talento Joven\u2019 este domingo a las 5 de la tarde, en el parque Manlio Fabio Altamirano, oportunidad para que todas las familias de Coatzintla pasen un rato de sano esparcimiento.<\/p>\n","protected":false},"author":2,"featured_media":0,"comment_status":"open","ping_status":"open","sticky":false,"template":"","format":"standard","meta":{"footnotes":""},"categories":[216],"tags":[],"class_list":{"0":"post-170954","1":"post","2":"type-post","3":"status-publish","4":"format-standard","6":"category-coatzintla"},"nelio_content":{"isAutoShareEnabled":true,"autoShareEndMode":"never","automationSources":{"useCustomSentences":false,"customSentences":[]},"followers":[],"suggestedReferences":[],"efiUrl":"","efiAlt":"","highlights":[],"permalinkQueryArgs":[],"series":[]},"_links":{"self":[{"href":"https:\/\/www.enteratever.com\/2023\/wp-json\/wp\/v2\/posts\/170954","targetHints":{"allow":["GET"]}}],"collection":[{"href":"https:\/\/www.enteratever.com\/2023\/wp-json\/wp\/v2\/posts"}],"about":[{"href":"https:\/\/www.enteratever.com\/2023\/wp-json\/wp\/v2\/types\/post"}],"author":[{"embeddable":true,"href":"https:\/\/www.enteratever.com\/2023\/wp-json\/wp\/v2\/users\/2"}],"replies":[{"embeddable":true,"href":"https:\/\/www.enteratever.com\/2023\/wp-json\/wp\/v2\/comments?post=170954"}],"version-history":[{"count":0,"href":"https:\/\/www.enteratever.com\/2023\/wp-json\/wp\/v2\/posts\/170954\/revisions"}],"wp:attachment":[{"href":"https:\/\/www.enteratever.com\/2023\/wp-json\/wp\/v2\/media?parent=170954"}],"wp:term":[{"taxonomy":"category","embeddable":true,"href":"https:\/\/www.enteratever.com\/2023\/wp-json\/wp\/v2\/categories?post=170954"},{"taxonomy":"post_tag","embeddable":true,"href":"https:\/\/www.enteratever.com\/2023\/wp-json\/wp\/v2\/tags?post=170954"}],"curies":[{"name":"wp","href":"https:\/\/api.w.org\/{rel}","templated":true}]}}