{"id":170953,"date":"2014-05-01T21:36:52","date_gmt":"2014-05-01T21:36:52","guid":{"rendered":"https:\/\/www.enteratever.com\/2023\/toman-protesta-nuevos-agentes-y-subagentes-municipales\/"},"modified":"2014-05-01T21:36:52","modified_gmt":"2014-05-01T21:36:52","slug":"toman-protesta-nuevos-agentes-y-subagentes-municipales","status":"publish","type":"post","link":"https:\/\/www.enteratever.com\/2023\/2014\/05\/01\/toman-protesta-nuevos-agentes-y-subagentes-municipales\/","title":{"rendered":"Toman protesta nuevos agentes y subagentes municipales"},"content":{"rendered":"<p>Visitas: 1<\/p><figure id=\"attachment_52837\" aria-describedby=\"caption-attachment-52837\" style=\"width: 660px\" class=\"wp-caption aligncenter\"><a href=\"http:\/\/www.enteratever.com\/wp-content\/uploads\/2014\/05\/LOS-23-AGENTES-Y-SUB-AGENTES-MUNICIPALES-RINDIERON-PROTESTA.jpg\"><img loading=\"lazy\" decoding=\"async\" class=\"size-full wp-image-52837\" alt=\"Toman protesta nuevos agentes y subagentes municipales\" src=\"http:\/\/www.enteratever.com\/wp-content\/uploads\/2014\/05\/LOS-23-AGENTES-Y-SUB-AGENTES-MUNICIPALES-RINDIERON-PROTESTA.jpg\" width=\"660\" height=\"342\" \/><\/a><figcaption id=\"caption-attachment-52837\" class=\"wp-caption-text\">Toman protesta nuevos agentes y subagentes municipales<\/figcaption><\/figure>\n<p style=\"text-align: justify\">Durante sesi\u00f3n solemne de Cabildo tomaron protesta los 23 agentes y subagentes municipales del municipio de Coatzintla, con lo que a partir de este 1 de Mayo entran en funciones.<!--more--><\/p>\n<p style=\"text-align: justify\">El alcalde C\u00e9sar Ulises Garc\u00eda V\u00e1zquez, luego de encabezar la ceremonia, les agradeci\u00f3 la madurez pol\u00edtica demostrada y los invit\u00f3 a que unan esfuerzos para generar proyectos de trabajo que generen bienestar e integraci\u00f3n social.<\/p>\n<p style=\"text-align: justify\">\u201cLos que ganaron y tambi\u00e9n los que no ganaron tengo que agradecerles la buena suma de voluntades que generaron y que hasta este momento creo yo que van a coadyuvar para que tengamos comunidades unidas, que trabajen sin distinci\u00f3n de colores ni partidos pol\u00edticos\u201d.<\/p>\n<p style=\"text-align: justify\">Tambi\u00e9n manifest\u00f3 que el Ayuntamiento de Coatzintla se acercar\u00e1 a las comunidades para desarrollar trabajo cercano con todos los habitantes, pero recomend\u00f3 a los nuevos agentes y subagentes municipales para que eviten discordias y revanchismos porque no llevan a nada positivo.<\/p>\n<p style=\"text-align: justify\">Estuvieron presentes en la sesi\u00f3n solemne de Cabildo, adem\u00e1s del alcalde, C\u00e9sar Ulises Garc\u00eda V\u00e1zquez; la s\u00edndica \u00fanica, Lorena L\u00f3pez Vel\u00e1zquez; el regidor primero, Aldo Ren\u00e9 Herrera D\u00edaz; el regidor segundo, Jaime Vel\u00e1zquez P\u00e9rez y el regidor tercero, Jes\u00fas Monter Rodr\u00edguez, as\u00ed como tambi\u00e9n el Secretario del Ayuntamiento y directores de \u00e1rea.<\/p>\n","protected":false},"excerpt":{"rendered":"<p>Visitas: 1Durante sesi\u00f3n solemne de Cabildo tomaron protesta los 23 agentes y subagentes municipales del municipio de Coatzintla, con lo que a partir de este 1 de Mayo entran en funciones.<\/p>\n","protected":false},"author":2,"featured_media":0,"comment_status":"open","ping_status":"open","sticky":false,"template":"","format":"standard","meta":{"footnotes":""},"categories":[216],"tags":[],"class_list":{"0":"post-170953","1":"post","2":"type-post","3":"status-publish","4":"format-standard","6":"category-coatzintla"},"nelio_content":{"isAutoShareEnabled":true,"autoShareEndMode":"never","automationSources":{"useCustomSentences":false,"customSentences":[]},"followers":[],"suggestedReferences":[],"efiUrl":"","efiAlt":"","highlights":[],"permalinkQueryArgs":[],"series":[]},"_links":{"self":[{"href":"https:\/\/www.enteratever.com\/2023\/wp-json\/wp\/v2\/posts\/170953","targetHints":{"allow":["GET"]}}],"collection":[{"href":"https:\/\/www.enteratever.com\/2023\/wp-json\/wp\/v2\/posts"}],"about":[{"href":"https:\/\/www.enteratever.com\/2023\/wp-json\/wp\/v2\/types\/post"}],"author":[{"embeddable":true,"href":"https:\/\/www.enteratever.com\/2023\/wp-json\/wp\/v2\/users\/2"}],"replies":[{"embeddable":true,"href":"https:\/\/www.enteratever.com\/2023\/wp-json\/wp\/v2\/comments?post=170953"}],"version-history":[{"count":0,"href":"https:\/\/www.enteratever.com\/2023\/wp-json\/wp\/v2\/posts\/170953\/revisions"}],"wp:attachment":[{"href":"https:\/\/www.enteratever.com\/2023\/wp-json\/wp\/v2\/media?parent=170953"}],"wp:term":[{"taxonomy":"category","embeddable":true,"href":"https:\/\/www.enteratever.com\/2023\/wp-json\/wp\/v2\/categories?post=170953"},{"taxonomy":"post_tag","embeddable":true,"href":"https:\/\/www.enteratever.com\/2023\/wp-json\/wp\/v2\/tags?post=170953"}],"curies":[{"name":"wp","href":"https:\/\/api.w.org\/{rel}","templated":true}]}}