{"id":170950,"date":"2014-05-01T16:15:06","date_gmt":"2014-05-01T16:15:06","guid":{"rendered":"https:\/\/www.enteratever.com\/2023\/exhorta-alcalde-a-cuidar-instalaciones-educativas\/"},"modified":"2014-05-01T16:15:06","modified_gmt":"2014-05-01T16:15:06","slug":"exhorta-alcalde-a-cuidar-instalaciones-educativas","status":"publish","type":"post","link":"https:\/\/www.enteratever.com\/2023\/2014\/05\/01\/exhorta-alcalde-a-cuidar-instalaciones-educativas\/","title":{"rendered":"Exhorta Alcalde a cuidar instalaciones educativas"},"content":{"rendered":"<p>Visitas: 1<\/p><figure id=\"attachment_52777\" aria-describedby=\"caption-attachment-52777\" style=\"width: 587px\" class=\"wp-caption aligncenter\"><a href=\"http:\/\/www.enteratever.com\/wp-content\/uploads\/2014\/05\/NUEVAS-INSTALACIONES-DE-LA-PRIMARIA.jpg\"><img loading=\"lazy\" decoding=\"async\" class=\"size-full wp-image-52777\" alt=\"Exhorta Alcalde a cuidar instalaciones educativas \" src=\"http:\/\/www.enteratever.com\/wp-content\/uploads\/2014\/05\/NUEVAS-INSTALACIONES-DE-LA-PRIMARIA.jpg\" width=\"587\" height=\"440\" \/><\/a><figcaption id=\"caption-attachment-52777\" class=\"wp-caption-text\">Exhorta Alcalde a cuidar instalaciones educativas<\/figcaption><\/figure>\n<p style=\"text-align: justify\">Al encabezar la entrega de las nuevas instalaciones de la escuela primaria \u2018Salvador D\u00edaz Mir\u00f3n\u2019 de la comunidad \u00darsulo Galv\u00e1n, el alcalde C\u00e9sar Ulises Garc\u00eda V\u00e1zquez, exhort\u00f3 a los padres de familia, maestros y alumnos a cuidar el plantel.<!--more--><\/p>\n<p style=\"text-align: justify\">La instituci\u00f3n educativa luce nuevas aulas, cancha de usos m\u00faltiples y un \u00e1rea de cocina comedor, con equipamiento moderno y l\u00e1mparas alimentadas con energ\u00eda solar, gracias a un programa de apoyo emprendido por la paraestatal Petr\u00f3leos Mexicanos (Pemex) a trav\u00e9s de la compa\u00f1\u00eda petrolera \u2018Fyresa\u201d.<\/p>\n<p style=\"text-align: justify\">\u201cA los pap\u00e1s, los maestros y los alumnos les toca cuidar estas nuevas instalaciones\u201d, dijo el alcalde, quien destac\u00f3: \u201cno est\u00e1bamos equivocados cuando se\u00f1al\u00e1bamos que Pemex ten\u00eda una responsabilidad social con las comunidades de Coatzintla. Ahora, al asumir esa responsabilidad, generan bienestar para los habitantes de las zonas rurales donde extraen hidrocarburo\u201d.<\/p>\n<p style=\"text-align: justify\">El representante de FYRESA, Luis David Mora Galicia, agradeci\u00f3 el recibimiento a los padres de familia y los exhort\u00f3 a que contin\u00faen con esfuerzo y labor conjunta para conseguir m\u00e1s beneficios que eleven el nivel de calidad del plantel.<\/p>\n<p style=\"text-align: justify\">Toc\u00f3 al supervisor escolar Hildeberto Huidobro Cruz, inaugurar el nuevo plantel y al director de la escuela, Julio Enrique Mart\u00ednez Reyes, dar las palabras de bienvenida. En el evento tambi\u00e9n estuvieron presentes el Secretario del Ayuntamiento, Tel\u00e9sforo Mungu\u00eda G\u00f3mez y el director de Educaci\u00f3n del Ayuntamiento de Coatzintla, Elvis P\u00e9rez Hern\u00e1ndez.<\/p>\n","protected":false},"excerpt":{"rendered":"<p>Visitas: 1Al encabezar la entrega de las nuevas instalaciones de la escuela primaria \u2018Salvador D\u00edaz Mir\u00f3n\u2019 de la comunidad \u00darsulo Galv\u00e1n, el alcalde C\u00e9sar Ulises Garc\u00eda V\u00e1zquez, exhort\u00f3 a los padres de familia, maestros y alumnos a cuidar el plantel.<\/p>\n","protected":false},"author":2,"featured_media":0,"comment_status":"open","ping_status":"open","sticky":false,"template":"","format":"standard","meta":{"footnotes":""},"categories":[216],"tags":[],"class_list":{"0":"post-170950","1":"post","2":"type-post","3":"status-publish","4":"format-standard","6":"category-coatzintla"},"nelio_content":{"isAutoShareEnabled":true,"autoShareEndMode":"never","automationSources":{"useCustomSentences":false,"customSentences":[]},"followers":[],"suggestedReferences":[],"efiUrl":"","efiAlt":"","highlights":[],"permalinkQueryArgs":[],"series":[]},"_links":{"self":[{"href":"https:\/\/www.enteratever.com\/2023\/wp-json\/wp\/v2\/posts\/170950","targetHints":{"allow":["GET"]}}],"collection":[{"href":"https:\/\/www.enteratever.com\/2023\/wp-json\/wp\/v2\/posts"}],"about":[{"href":"https:\/\/www.enteratever.com\/2023\/wp-json\/wp\/v2\/types\/post"}],"author":[{"embeddable":true,"href":"https:\/\/www.enteratever.com\/2023\/wp-json\/wp\/v2\/users\/2"}],"replies":[{"embeddable":true,"href":"https:\/\/www.enteratever.com\/2023\/wp-json\/wp\/v2\/comments?post=170950"}],"version-history":[{"count":0,"href":"https:\/\/www.enteratever.com\/2023\/wp-json\/wp\/v2\/posts\/170950\/revisions"}],"wp:attachment":[{"href":"https:\/\/www.enteratever.com\/2023\/wp-json\/wp\/v2\/media?parent=170950"}],"wp:term":[{"taxonomy":"category","embeddable":true,"href":"https:\/\/www.enteratever.com\/2023\/wp-json\/wp\/v2\/categories?post=170950"},{"taxonomy":"post_tag","embeddable":true,"href":"https:\/\/www.enteratever.com\/2023\/wp-json\/wp\/v2\/tags?post=170950"}],"curies":[{"name":"wp","href":"https:\/\/api.w.org\/{rel}","templated":true}]}}