{"id":170937,"date":"2014-04-23T07:40:48","date_gmt":"2014-04-23T07:40:48","guid":{"rendered":"https:\/\/www.enteratever.com\/2023\/festeja-dif-a-ninos-de-las-comunidades\/"},"modified":"2014-04-23T07:40:48","modified_gmt":"2014-04-23T07:40:48","slug":"festeja-dif-a-ninos-de-las-comunidades","status":"publish","type":"post","link":"https:\/\/www.enteratever.com\/2023\/2014\/04\/23\/festeja-dif-a-ninos-de-las-comunidades\/","title":{"rendered":"Festeja DIF a ni\u00f1os de las comunidades"},"content":{"rendered":"<p>Visitas: 1<\/p><figure id=\"attachment_50927\" aria-describedby=\"caption-attachment-50927\" style=\"width: 587px\" class=\"wp-caption aligncenter\"><a href=\"http:\/\/www.enteratever.com\/wp-content\/uploads\/2014\/04\/220414Coatzintla09.jpg\"><img loading=\"lazy\" decoding=\"async\" class=\"size-full wp-image-50927\" alt=\"Festeja DIF a ni\u00f1os de las comunidades\" src=\"http:\/\/www.enteratever.com\/wp-content\/uploads\/2014\/04\/220414Coatzintla09.jpg\" width=\"587\" height=\"440\" \/><\/a><figcaption id=\"caption-attachment-50927\" class=\"wp-caption-text\">Festeja DIF a ni\u00f1os de las comunidades<\/figcaption><\/figure>\n<p style=\"text-align: justify\">El sistema DIF municipal lleva diversi\u00f3n y alegr\u00eda a los ni\u00f1os de las comunidades con el programa del D\u00eda del Ni\u00f1o que empez\u00f3 este lunes y que recorrer\u00e1 las 23 localidades rurales pertenecientes a Coatzintla.<!--more--><\/p>\n<p style=\"text-align: justify\">La presidenta del organismo, Gladiola S\u00e1nchez de Garc\u00eda y la directora, Lupita Garc\u00eda V\u00e1zquez, encabezan las comitivas que llevan regalos para todos los peque\u00f1os y empezaron en La Laja, Troncones y Potrerillos, El Chote y Gonz\u00e1lez Ortega; luego continuaron este martes en Corralillos y Santa Mar\u00eda.<\/p>\n<p style=\"text-align: justify\">Este viernes estar\u00e1n en Palma Sola, La Florida, El Vizca\u00edno y San Isidro. El jueves toca Rancho Nuevo, Arroyo Florido y Palmar. Faltan m\u00e1s comunidades que se visitar\u00e1n en el transcurso de esta y la pr\u00f3xima semana.<\/p>\n<figure id=\"attachment_50925\" aria-describedby=\"caption-attachment-50925\" style=\"width: 587px\" class=\"wp-caption aligncenter\"><a href=\"http:\/\/www.enteratever.com\/wp-content\/uploads\/2014\/04\/220414Coatzintla07.jpg\"><img loading=\"lazy\" decoding=\"async\" class=\"size-full wp-image-50925\" alt=\"Festeja DIF a ni\u00f1os de las comunidades\" src=\"http:\/\/www.enteratever.com\/wp-content\/uploads\/2014\/04\/220414Coatzintla07.jpg\" width=\"587\" height=\"440\" \/><\/a><figcaption id=\"caption-attachment-50925\" class=\"wp-caption-text\">Festeja DIF a ni\u00f1os de las comunidades<\/figcaption><\/figure>\n<p style=\"text-align: justify\">Posteriormente, el 30 de abril, se har\u00e1 el festejo para los ni\u00f1os de la cabecera municipal, en el campo Miguel Alem\u00e1n, con la presentaci\u00f3n de un grupo de peque\u00f1os con talento para la m\u00fasica, el canto y el baile.<\/p>\n<p style=\"text-align: justify\">La invitaci\u00f3n est\u00e1 abierta para todos los ni\u00f1os que quieran asistir. El evento se llevar\u00e1 a cabo a las 5 de la tarde en el campo Miguel Alem\u00e1n.<\/p>\n<p style=\"text-align: justify\">-o-<\/p>\n<p style=\"text-align: justify\"><a title=\"S\u00edguenos en Twitter\" href=\"https:\/\/twitter.com\/enteratevercom\">@enteratevercom<\/a> en Twitter<\/p>\n","protected":false},"excerpt":{"rendered":"<p>Visitas: 1El sistema DIF municipal lleva diversi\u00f3n y alegr\u00eda a los ni\u00f1os de las comunidades con el programa del D\u00eda del Ni\u00f1o que empez\u00f3 este lunes y que recorrer\u00e1 las 23 localidades rurales pertenecientes a Coatzintla.<\/p>\n","protected":false},"author":2,"featured_media":0,"comment_status":"open","ping_status":"open","sticky":false,"template":"","format":"standard","meta":{"footnotes":""},"categories":[216],"tags":[],"class_list":{"0":"post-170937","1":"post","2":"type-post","3":"status-publish","4":"format-standard","6":"category-coatzintla"},"nelio_content":{"isAutoShareEnabled":true,"autoShareEndMode":"never","automationSources":{"useCustomSentences":false,"customSentences":[]},"followers":[],"suggestedReferences":[],"efiUrl":"","efiAlt":"","highlights":[],"permalinkQueryArgs":[],"series":[]},"_links":{"self":[{"href":"https:\/\/www.enteratever.com\/2023\/wp-json\/wp\/v2\/posts\/170937","targetHints":{"allow":["GET"]}}],"collection":[{"href":"https:\/\/www.enteratever.com\/2023\/wp-json\/wp\/v2\/posts"}],"about":[{"href":"https:\/\/www.enteratever.com\/2023\/wp-json\/wp\/v2\/types\/post"}],"author":[{"embeddable":true,"href":"https:\/\/www.enteratever.com\/2023\/wp-json\/wp\/v2\/users\/2"}],"replies":[{"embeddable":true,"href":"https:\/\/www.enteratever.com\/2023\/wp-json\/wp\/v2\/comments?post=170937"}],"version-history":[{"count":0,"href":"https:\/\/www.enteratever.com\/2023\/wp-json\/wp\/v2\/posts\/170937\/revisions"}],"wp:attachment":[{"href":"https:\/\/www.enteratever.com\/2023\/wp-json\/wp\/v2\/media?parent=170937"}],"wp:term":[{"taxonomy":"category","embeddable":true,"href":"https:\/\/www.enteratever.com\/2023\/wp-json\/wp\/v2\/categories?post=170937"},{"taxonomy":"post_tag","embeddable":true,"href":"https:\/\/www.enteratever.com\/2023\/wp-json\/wp\/v2\/tags?post=170937"}],"curies":[{"name":"wp","href":"https:\/\/api.w.org\/{rel}","templated":true}]}}