{"id":170926,"date":"2014-04-19T17:10:02","date_gmt":"2014-04-19T17:10:02","guid":{"rendered":"https:\/\/www.enteratever.com\/2023\/carrera-de-judios-una-tradicion-de-160-anos-2\/"},"modified":"2014-04-19T17:10:02","modified_gmt":"2014-04-19T17:10:02","slug":"carrera-de-judios-una-tradicion-de-160-anos-2","status":"publish","type":"post","link":"https:\/\/www.enteratever.com\/2023\/2014\/04\/19\/carrera-de-judios-una-tradicion-de-160-anos-2\/","title":{"rendered":"Carrera De Jud\u00edos, una tradici\u00f3n de 160 A\u00f1os"},"content":{"rendered":"<p>Visitas: 1<\/p><figure id=\"attachment_50326\" aria-describedby=\"caption-attachment-50326\" style=\"width: 587px\" class=\"wp-caption aligncenter\"><a href=\"http:\/\/www.enteratever.com\/wp-content\/uploads\/2014\/04\/IMG-20140419-WA0002.jpg\"><img loading=\"lazy\" decoding=\"async\" class=\"size-full wp-image-50326\" alt=\"Carrera De Jud\u00edos, una tradici\u00f3n de 160 A\u00f1os\" src=\"http:\/\/www.enteratever.com\/wp-content\/uploads\/2014\/04\/IMG-20140419-WA0002.jpg\" width=\"587\" height=\"440\" \/><\/a><figcaption id=\"caption-attachment-50326\" class=\"wp-caption-text\">Carrera De Jud\u00edos, una tradici\u00f3n de 160 A\u00f1os<\/figcaption><\/figure>\n<p>Por: Misaid Ramirez Pimentel\/Fotos: Katti Vera<\/p>\n<p style=\"text-align: justify\">El repicar de las campanas y el estruendo de los cohetes, en punto de las 12:00 horas, marcaron el inicio de la tradicional carrera de los Jud\u00edos, bajo un cielo medio nublado que cobij\u00f3 a los miles de turistas que se dieron cita en el parque Manlio Fabio Altamirano del municipio de Coatzintla.<!--more--><\/p>\n<p style=\"text-align: justify\">Comenzando la carrera empiezan los jud\u00edos dando dos vueltas a al parque, tomando camino a las principales calles de Coatzintla, no fue ning\u00fan impedimento para las personas la fuerte lluvia, que s\u00f3lo cay\u00f3 donde se llev\u00f3 a cabo dicho evento, hasta pareciera que estaba planeado, el agua cayendo, los azotes de los machetes y judas gritando hasta parec\u00eda que era verdad no una representaci\u00f3n.<br \/>\nEsta tradici\u00f3n conjuga diferentes elementos de la tradici\u00f3n cat\u00f3lica de la Semana Santa y simbolismos propios de la regi\u00f3n, tal y como se puede apreciar en la vestimenta confeccionada de los judios con telas brillantes multicolores y los tocados en forma de penachos, adornados con plumas de gallo.<br \/>\nEn esta representaci\u00f3n no puede faltar Judas, quien vestido totalmente de negro y cubri\u00e9ndose el rostro con el pelo, para no ser identificado, va expiando las culpas de los presentes con ramos de chichicaxtle -una planta que provoca escozor en la piel-.<\/p>\n<p style=\"text-align: justify\">En medio de su locura, Judas corre entre la multitud, sujetado por el cuello a trav\u00e9s de los andadores del parque y las calles principales al Palacio Municipal, \u201crameando\u201d con chichicaxtle y hortiga a todo aquel que se atraviesa en su camino.<\/p>\n<p style=\"text-align: justify\">La gente, al ver que viene los jud\u00edos, comienzan a correr pues si se atraviesan en su camino estos dan planazos con los machetes, y judas azota con ramos de ortiga y chichicaxtle.<\/p>\n<p style=\"text-align: justify\">Al concluir la carrera, Judas es colocado en una parihuela y cargado por cuatro jud\u00edos rumbo al pante\u00f3n municipal. Paralelo a ello, por todo el parque es paseado, sobre un burro, un mu\u00f1eco que representa a Judas y posteriormente es conducido al pante\u00f3n donde ser\u00e1 quemado.<\/p>\n<p style=\"text-align: justify\">Participar de la carrera de los Jud\u00edos se han convertido en una tradici\u00f3n de las familias coatzintecas, muchas de las cuales han emigrado a otros estados de la Rep\u00fablica pero regresan a estas tierras en esta temporada. Tal pareciera un honor ser alcanzado por las ramas de chichicaxtle del Judas o ser planeado por los machetes que portan los jud\u00edos.<\/p>\n<p style=\"text-align: justify\">Varios terminaron con la espalda ensangrentada y la piel hinchada por las hierbas que irritan la piel. As\u00ed celebraron cat\u00f3licos de Coatzintla la tradicional \u201cCarrera de Jud\u00edos\u201d en su 151 aniversario.<\/p>\n\n","protected":false},"excerpt":{"rendered":"<p>Visitas: 1Por: Misaid Ramirez Pimentel\/Fotos: Katti Vera El repicar de las campanas y el estruendo de los cohetes, en punto de las 12:00 horas, marcaron el inicio de la tradicional carrera de los Jud\u00edos, bajo un cielo medio nublado que cobij\u00f3 a los miles de turistas que se dieron cita en el parque Manlio Fabio [&hellip;]<\/p>\n","protected":false},"author":2,"featured_media":0,"comment_status":"open","ping_status":"open","sticky":false,"template":"","format":"standard","meta":{"footnotes":""},"categories":[216],"tags":[],"class_list":{"0":"post-170926","1":"post","2":"type-post","3":"status-publish","4":"format-standard","6":"category-coatzintla"},"nelio_content":{"isAutoShareEnabled":true,"autoShareEndMode":"never","automationSources":{"useCustomSentences":false,"customSentences":[]},"followers":[],"suggestedReferences":[],"efiUrl":"","efiAlt":"","highlights":[],"permalinkQueryArgs":[],"series":[]},"_links":{"self":[{"href":"https:\/\/www.enteratever.com\/2023\/wp-json\/wp\/v2\/posts\/170926","targetHints":{"allow":["GET"]}}],"collection":[{"href":"https:\/\/www.enteratever.com\/2023\/wp-json\/wp\/v2\/posts"}],"about":[{"href":"https:\/\/www.enteratever.com\/2023\/wp-json\/wp\/v2\/types\/post"}],"author":[{"embeddable":true,"href":"https:\/\/www.enteratever.com\/2023\/wp-json\/wp\/v2\/users\/2"}],"replies":[{"embeddable":true,"href":"https:\/\/www.enteratever.com\/2023\/wp-json\/wp\/v2\/comments?post=170926"}],"version-history":[{"count":0,"href":"https:\/\/www.enteratever.com\/2023\/wp-json\/wp\/v2\/posts\/170926\/revisions"}],"wp:attachment":[{"href":"https:\/\/www.enteratever.com\/2023\/wp-json\/wp\/v2\/media?parent=170926"}],"wp:term":[{"taxonomy":"category","embeddable":true,"href":"https:\/\/www.enteratever.com\/2023\/wp-json\/wp\/v2\/categories?post=170926"},{"taxonomy":"post_tag","embeddable":true,"href":"https:\/\/www.enteratever.com\/2023\/wp-json\/wp\/v2\/tags?post=170926"}],"curies":[{"name":"wp","href":"https:\/\/api.w.org\/{rel}","templated":true}]}}