{"id":170922,"date":"2014-04-18T03:45:56","date_gmt":"2014-04-18T03:45:56","guid":{"rendered":"https:\/\/www.enteratever.com\/2023\/realizaran-concurso-de-canto\/"},"modified":"2014-04-18T03:45:56","modified_gmt":"2014-04-18T03:45:56","slug":"realizaran-concurso-de-canto","status":"publish","type":"post","link":"https:\/\/www.enteratever.com\/2023\/2014\/04\/18\/realizaran-concurso-de-canto\/","title":{"rendered":"Realizar\u00e1n concurso de canto"},"content":{"rendered":"<p>Visitas: 1<\/p><figure id=\"attachment_49916\" aria-describedby=\"caption-attachment-49916\" style=\"width: 660px\" class=\"wp-caption aligncenter\"><a href=\"http:\/\/www.enteratever.com\/wp-content\/uploads\/2014\/04\/los-invitan-a-mostrar-su-talento.jpg\"><img loading=\"lazy\" decoding=\"async\" class=\"size-full wp-image-49916\" alt=\"Realizar\u00e1n concurso de canto\" src=\"http:\/\/www.enteratever.com\/wp-content\/uploads\/2014\/04\/los-invitan-a-mostrar-su-talento.jpg\" width=\"660\" height=\"439\" \/><\/a><figcaption id=\"caption-attachment-49916\" class=\"wp-caption-text\">Realizar\u00e1n concurso de canto<\/figcaption><\/figure>\n<p style=\"text-align: justify\">El Ayuntamiento de Coatzintla a trav\u00e9s de la Direcci\u00f3n Municipal de la Juventud lanz\u00f3 la convocatoria a personas de entre 12 y 29 a\u00f1os de edad para que participen en el concurso de canto \u2018Talento Joven\u2019.<!--more--><\/p>\n<p style=\"text-align: justify\">De acuerdo con Brayan Garc\u00eda Barrales, titular de la Direcci\u00f3n Municipal de la Juventud, la intenci\u00f3n es generar espacios para el disfrute familiar y a la vez motivar a que j\u00f3venes con talentos tengan foros de expresi\u00f3n.<\/p>\n<p style=\"text-align: justify\">\u201cLa indicaci\u00f3n del alcalde, C\u00e9sar Ulises Garc\u00eda V\u00e1zquez, es que recuperemos los espacios p\u00fablicos tradicionales y el parque central Manlio Fabio Altamirano es uno de ellos. Precisamente ah\u00ed vamos a hacer el concurso\u201d, explic\u00f3.<\/p>\n<p style=\"text-align: justify\">A\u00f1adi\u00f3 que el evento est\u00e1 previsto realizarse el domingo 4 de Mayo a las 17:00 horas y los \u00fanicos requisitos es que tengan entre 12 y 29 a\u00f1os de edad, que lleven su pista y muchas ganas de mostrar su talento.<\/p>\n<p style=\"text-align: justify\">Todos los interesados pueden acudir a la Direcci\u00f3n Municipal de la Juventud, sita en altos de Palacio Municipal.<\/p>\n<p style=\"text-align: justify\">Las inscripciones est\u00e1n abiertas pero se cerrar\u00e1n el viernes 2 de mayo, por lo que quienes quieran participar no duden en acudir lo m\u00e1s pronto posible.<\/p>\n<p style=\"text-align: justify\">Dijo que habr\u00e1 un premio sorpresa para el primer lugar que ser\u00e1 anunciado el mismo d\u00eda del evento.<\/p>\n","protected":false},"excerpt":{"rendered":"<p>Visitas: 1El Ayuntamiento de Coatzintla a trav\u00e9s de la Direcci\u00f3n Municipal de la Juventud lanz\u00f3 la convocatoria a personas de entre 12 y 29 a\u00f1os de edad para que participen en el concurso de canto \u2018Talento Joven\u2019.<\/p>\n","protected":false},"author":2,"featured_media":0,"comment_status":"open","ping_status":"open","sticky":false,"template":"","format":"standard","meta":{"footnotes":""},"categories":[216],"tags":[],"class_list":{"0":"post-170922","1":"post","2":"type-post","3":"status-publish","4":"format-standard","6":"category-coatzintla"},"nelio_content":{"isAutoShareEnabled":true,"autoShareEndMode":"never","automationSources":{"useCustomSentences":false,"customSentences":[]},"followers":[],"suggestedReferences":[],"efiUrl":"","efiAlt":"","highlights":[],"permalinkQueryArgs":[],"series":[]},"_links":{"self":[{"href":"https:\/\/www.enteratever.com\/2023\/wp-json\/wp\/v2\/posts\/170922","targetHints":{"allow":["GET"]}}],"collection":[{"href":"https:\/\/www.enteratever.com\/2023\/wp-json\/wp\/v2\/posts"}],"about":[{"href":"https:\/\/www.enteratever.com\/2023\/wp-json\/wp\/v2\/types\/post"}],"author":[{"embeddable":true,"href":"https:\/\/www.enteratever.com\/2023\/wp-json\/wp\/v2\/users\/2"}],"replies":[{"embeddable":true,"href":"https:\/\/www.enteratever.com\/2023\/wp-json\/wp\/v2\/comments?post=170922"}],"version-history":[{"count":0,"href":"https:\/\/www.enteratever.com\/2023\/wp-json\/wp\/v2\/posts\/170922\/revisions"}],"wp:attachment":[{"href":"https:\/\/www.enteratever.com\/2023\/wp-json\/wp\/v2\/media?parent=170922"}],"wp:term":[{"taxonomy":"category","embeddable":true,"href":"https:\/\/www.enteratever.com\/2023\/wp-json\/wp\/v2\/categories?post=170922"},{"taxonomy":"post_tag","embeddable":true,"href":"https:\/\/www.enteratever.com\/2023\/wp-json\/wp\/v2\/tags?post=170922"}],"curies":[{"name":"wp","href":"https:\/\/api.w.org\/{rel}","templated":true}]}}