{"id":170915,"date":"2014-04-16T01:28:00","date_gmt":"2014-04-16T01:28:00","guid":{"rendered":"https:\/\/www.enteratever.com\/2023\/toman-medidas-para-festividades\/"},"modified":"2014-04-16T01:28:00","modified_gmt":"2014-04-16T01:28:00","slug":"toman-medidas-para-festividades","status":"publish","type":"post","link":"https:\/\/www.enteratever.com\/2023\/2014\/04\/16\/toman-medidas-para-festividades\/","title":{"rendered":"Toman medidas para festividades"},"content":{"rendered":"<p>Visitas: 1<\/p><figure id=\"attachment_49249\" aria-describedby=\"caption-attachment-49249\" style=\"width: 660px\" class=\"wp-caption aligncenter\"><a href=\"http:\/\/www.enteratever.com\/wp-content\/uploads\/2014\/04\/MEDIDAD.jpg\"><img loading=\"lazy\" decoding=\"async\" class=\"size-full wp-image-49249\" alt=\"Toman medidas para festividades\" src=\"http:\/\/www.enteratever.com\/wp-content\/uploads\/2014\/04\/MEDIDAD.jpg\" width=\"660\" height=\"440\" \/><\/a><figcaption id=\"caption-attachment-49249\" class=\"wp-caption-text\">Toman medidas para festividades<\/figcaption><\/figure>\n<p style=\"text-align: justify\">Colocar\u00e1n de manera estrat\u00e9gica a comerciantes en las festividades de Semana Santa, de acuerdo con los directores de Comercio, Protecci\u00f3n Civil y el Regidor en el ramo.<!--more--><\/p>\n<p style=\"text-align: justify\">Se\u00f1alan que se colocaran a un costado del Palacio Municipal, para que de esta manera no se encuentren estorbando en las actividades que se realicen en estos d\u00edas. Todos en la misma cera para evitar aglomeraciones.<\/p>\n<p style=\"text-align: justify\">De acuerdo con el director de Protecci\u00f3n Civil Hip\u00f3lito Fern\u00e1ndez G\u00f3mez todo ello se realizar\u00e1 con la finalidad de mantener limpio alrededor, de las calles y de esta manera todo suceda con mayor fluidez de tal manera que los coatzintecos disfruten de esta tradici\u00f3n.<\/p>\n<p style=\"text-align: justify\">Asever\u00f3 que en la carrera de los jud\u00edos, cierran primer cuadro a partir de las 10 de la noche del mi\u00e9rcoles, para que se esta manera los automovilistas vayan teniendo en encuentra se utilizar\u00e1n las calles para celebrar una tradici\u00f3n que se lleva a cabo a\u00f1o con a\u00f1o.<\/p>\n<p style=\"text-align: justify\">As\u00ed mismo declaro que se contar\u00e1 con 18 gentes apoyando por parte de Protecci\u00f3n Civil, en cualquier suceso que se llegue a presentar en las celebridades que se llevar\u00e1n a cabo la lo largo de la semana en el municipio, finaliz\u00f3.<\/p>\n","protected":false},"excerpt":{"rendered":"<p>Visitas: 1Colocar\u00e1n de manera estrat\u00e9gica a comerciantes en las festividades de Semana Santa, de acuerdo con los directores de Comercio, Protecci\u00f3n Civil y el Regidor en el ramo.<\/p>\n","protected":false},"author":1,"featured_media":0,"comment_status":"open","ping_status":"open","sticky":false,"template":"","format":"standard","meta":{"footnotes":""},"categories":[216],"tags":[],"class_list":{"0":"post-170915","1":"post","2":"type-post","3":"status-publish","4":"format-standard","6":"category-coatzintla"},"nelio_content":{"isAutoShareEnabled":true,"autoShareEndMode":"never","automationSources":{"useCustomSentences":false,"customSentences":[]},"followers":[],"suggestedReferences":[],"efiUrl":"","efiAlt":"","highlights":[],"permalinkQueryArgs":[],"series":[]},"_links":{"self":[{"href":"https:\/\/www.enteratever.com\/2023\/wp-json\/wp\/v2\/posts\/170915","targetHints":{"allow":["GET"]}}],"collection":[{"href":"https:\/\/www.enteratever.com\/2023\/wp-json\/wp\/v2\/posts"}],"about":[{"href":"https:\/\/www.enteratever.com\/2023\/wp-json\/wp\/v2\/types\/post"}],"author":[{"embeddable":true,"href":"https:\/\/www.enteratever.com\/2023\/wp-json\/wp\/v2\/users\/1"}],"replies":[{"embeddable":true,"href":"https:\/\/www.enteratever.com\/2023\/wp-json\/wp\/v2\/comments?post=170915"}],"version-history":[{"count":0,"href":"https:\/\/www.enteratever.com\/2023\/wp-json\/wp\/v2\/posts\/170915\/revisions"}],"wp:attachment":[{"href":"https:\/\/www.enteratever.com\/2023\/wp-json\/wp\/v2\/media?parent=170915"}],"wp:term":[{"taxonomy":"category","embeddable":true,"href":"https:\/\/www.enteratever.com\/2023\/wp-json\/wp\/v2\/categories?post=170915"},{"taxonomy":"post_tag","embeddable":true,"href":"https:\/\/www.enteratever.com\/2023\/wp-json\/wp\/v2\/tags?post=170915"}],"curies":[{"name":"wp","href":"https:\/\/api.w.org\/{rel}","templated":true}]}}