{"id":170913,"date":"2014-04-16T01:26:53","date_gmt":"2014-04-16T01:26:53","guid":{"rendered":"https:\/\/www.enteratever.com\/2023\/actividades-de-semana-santa\/"},"modified":"2014-04-16T01:26:53","modified_gmt":"2014-04-16T01:26:53","slug":"actividades-de-semana-santa","status":"publish","type":"post","link":"https:\/\/www.enteratever.com\/2023\/2014\/04\/16\/actividades-de-semana-santa\/","title":{"rendered":"Actividades de Semana Santa"},"content":{"rendered":"<p>Visitas: 2<\/p><figure id=\"attachment_49250\" aria-describedby=\"caption-attachment-49250\" style=\"width: 660px\" class=\"wp-caption aligncenter\"><a href=\"http:\/\/www.enteratever.com\/wp-content\/uploads\/2014\/04\/semana-santa.jpg\"><img loading=\"lazy\" decoding=\"async\" class=\"size-full wp-image-49250\" alt=\"Actividades de Semana Santa\" src=\"http:\/\/www.enteratever.com\/wp-content\/uploads\/2014\/04\/semana-santa.jpg\" width=\"660\" height=\"439\" \/><\/a><figcaption id=\"caption-attachment-49250\" class=\"wp-caption-text\">Actividades de Semana Santa<\/figcaption><\/figure>\n<p style=\"text-align: justify\">Coatzintla, Ver.-\u00a0Las actividades de Semana Santa\u00a0 dieron inicio con una caminata de la escuela \u201c18 de Marzo\u201d de la colonia Adolfo L\u00f3pez Mateos con la procesi\u00f3n de las cruces, el d\u00eda domingo.<!--more--><\/p>\n<p style=\"text-align: justify\">De acuerdo con el padre Jorge Silva de\u00a0 la parroquia Santiago Apostol, \u00a0se llevar\u00e1n diversas actividades en conmemoraci\u00f3n a la Semana Santa, haciendo un llamado a los coatzintecos para\u00a0 que asistan.<\/p>\n<p style=\"text-align: justify\">El jueves Santo \u00a0se realizar\u00e1 el lavatorio de pies a las 5:00p.m.<\/p>\n<p style=\"text-align: justify\">Mientras que el Viernes Santo en punto de las 10 a.m. se realizar\u00e1 la representaci\u00f3n del Viacrucis, posteriormente la Pasi\u00f3n de Cristo a las 11 a.m. a partir de la iglesia de la colonia L\u00f3pez Mateos; luego a las 3 p.m. se realizar\u00e1 \u201cLas 7 palabras\u201d para finalizar a las 5 p.m.\u00a0 la celebraci\u00f3n de la liturgia de la adoraci\u00f3n de la Santa Cruz.<\/p>\n<div>\n<p style=\"text-align: justify\">Concluyendo el d\u00eda s\u00e1bado a las 10:30 a.m. con la Vigilia Pascual y terminando con el domingo pascual a las 6:30 de la tarde.<\/p>\n<\/div>\n","protected":false},"excerpt":{"rendered":"<p>Visitas: 2Coatzintla, Ver.-\u00a0Las actividades de Semana Santa\u00a0 dieron inicio con una caminata de la escuela \u201c18 de Marzo\u201d de la colonia Adolfo L\u00f3pez Mateos con la procesi\u00f3n de las cruces, el d\u00eda domingo.<\/p>\n","protected":false},"author":1,"featured_media":0,"comment_status":"open","ping_status":"open","sticky":false,"template":"","format":"standard","meta":{"footnotes":""},"categories":[216],"tags":[],"class_list":{"0":"post-170913","1":"post","2":"type-post","3":"status-publish","4":"format-standard","6":"category-coatzintla"},"nelio_content":{"isAutoShareEnabled":true,"autoShareEndMode":"never","automationSources":{"useCustomSentences":false,"customSentences":[]},"followers":[],"suggestedReferences":[],"efiUrl":"","efiAlt":"","highlights":[],"permalinkQueryArgs":[],"series":[]},"_links":{"self":[{"href":"https:\/\/www.enteratever.com\/2023\/wp-json\/wp\/v2\/posts\/170913","targetHints":{"allow":["GET"]}}],"collection":[{"href":"https:\/\/www.enteratever.com\/2023\/wp-json\/wp\/v2\/posts"}],"about":[{"href":"https:\/\/www.enteratever.com\/2023\/wp-json\/wp\/v2\/types\/post"}],"author":[{"embeddable":true,"href":"https:\/\/www.enteratever.com\/2023\/wp-json\/wp\/v2\/users\/1"}],"replies":[{"embeddable":true,"href":"https:\/\/www.enteratever.com\/2023\/wp-json\/wp\/v2\/comments?post=170913"}],"version-history":[{"count":0,"href":"https:\/\/www.enteratever.com\/2023\/wp-json\/wp\/v2\/posts\/170913\/revisions"}],"wp:attachment":[{"href":"https:\/\/www.enteratever.com\/2023\/wp-json\/wp\/v2\/media?parent=170913"}],"wp:term":[{"taxonomy":"category","embeddable":true,"href":"https:\/\/www.enteratever.com\/2023\/wp-json\/wp\/v2\/categories?post=170913"},{"taxonomy":"post_tag","embeddable":true,"href":"https:\/\/www.enteratever.com\/2023\/wp-json\/wp\/v2\/tags?post=170913"}],"curies":[{"name":"wp","href":"https:\/\/api.w.org\/{rel}","templated":true}]}}