{"id":170911,"date":"2014-04-15T15:30:59","date_gmt":"2014-04-15T15:30:59","guid":{"rendered":"https:\/\/www.enteratever.com\/2023\/incrementa-el-costo-del-taxi\/"},"modified":"2014-04-15T15:30:59","modified_gmt":"2014-04-15T15:30:59","slug":"incrementa-el-costo-del-taxi","status":"publish","type":"post","link":"https:\/\/www.enteratever.com\/2023\/2014\/04\/15\/incrementa-el-costo-del-taxi\/","title":{"rendered":"Incrementa el costo del taxi"},"content":{"rendered":"<p>Visitas: 2<\/p><figure id=\"attachment_49074\" aria-describedby=\"caption-attachment-49074\" style=\"width: 660px\" class=\"wp-caption aligncenter\"><a href=\"http:\/\/www.enteratever.com\/wp-content\/uploads\/2014\/04\/TAXIS.jpg\"><img loading=\"lazy\" decoding=\"async\" class=\"size-full wp-image-49074\" alt=\"Incrementa el costo del taxi\" src=\"http:\/\/www.enteratever.com\/wp-content\/uploads\/2014\/04\/TAXIS.jpg\" width=\"660\" height=\"440\" \/><\/a><figcaption id=\"caption-attachment-49074\" class=\"wp-caption-text\">Incrementa el costo del taxi<\/figcaption><\/figure>\n<p style=\"text-align: justify\">Coatzintla, Ver.-\u00a0Tras el incremento en el transporte p\u00fablico en d\u00edas pasados, taxistas de la ruta Poza Rica- Coatzintla aumentaron sus tarifas solo un peso m\u00e1s.<!--more--><\/p>\n<p style=\"text-align: justify\">De acuerdo con choferes de taxis colectivos en el municipio, se\u00f1ala que tuvieron la necesidad de subirlo ya que de otra manera no tendr\u00edan ganancias.<\/p>\n<p style=\"text-align: justify\">Por otro lado, los carros de transporte p\u00fablico desde el d\u00eda domingo les entregaron solo esas hojas con las nuevas tarifas dejando sorprendidos al pasaje que aborda todos los d\u00edas dicho transporte.<\/p>\n<p style=\"text-align: justify\">Sin embargo, hasta el momento, pasajeros de las unidades discuten con empleados de los colectivos por dicho aumento, ya que ni el boletaje cuenta con el aumento de precio que cobran hasta el momento.<\/p>\n<p style=\"text-align: justify\">Por lo tanto choferes argumenta que solo cumplen con su trabajo ya que solo reciben \u00f3rdenes de arriba sin poder hacer nada por ello, resultando afectados de igual manera.<\/p>\n","protected":false},"excerpt":{"rendered":"<p>Visitas: 2Coatzintla, Ver.-\u00a0Tras el incremento en el transporte p\u00fablico en d\u00edas pasados, taxistas de la ruta Poza Rica- Coatzintla aumentaron sus tarifas solo un peso m\u00e1s.<\/p>\n","protected":false},"author":1,"featured_media":0,"comment_status":"open","ping_status":"open","sticky":false,"template":"","format":"standard","meta":{"footnotes":""},"categories":[216],"tags":[],"class_list":{"0":"post-170911","1":"post","2":"type-post","3":"status-publish","4":"format-standard","6":"category-coatzintla"},"nelio_content":{"isAutoShareEnabled":true,"autoShareEndMode":"never","automationSources":{"useCustomSentences":false,"customSentences":[]},"followers":[],"suggestedReferences":[],"efiUrl":"","efiAlt":"","highlights":[],"permalinkQueryArgs":[],"series":[]},"_links":{"self":[{"href":"https:\/\/www.enteratever.com\/2023\/wp-json\/wp\/v2\/posts\/170911","targetHints":{"allow":["GET"]}}],"collection":[{"href":"https:\/\/www.enteratever.com\/2023\/wp-json\/wp\/v2\/posts"}],"about":[{"href":"https:\/\/www.enteratever.com\/2023\/wp-json\/wp\/v2\/types\/post"}],"author":[{"embeddable":true,"href":"https:\/\/www.enteratever.com\/2023\/wp-json\/wp\/v2\/users\/1"}],"replies":[{"embeddable":true,"href":"https:\/\/www.enteratever.com\/2023\/wp-json\/wp\/v2\/comments?post=170911"}],"version-history":[{"count":0,"href":"https:\/\/www.enteratever.com\/2023\/wp-json\/wp\/v2\/posts\/170911\/revisions"}],"wp:attachment":[{"href":"https:\/\/www.enteratever.com\/2023\/wp-json\/wp\/v2\/media?parent=170911"}],"wp:term":[{"taxonomy":"category","embeddable":true,"href":"https:\/\/www.enteratever.com\/2023\/wp-json\/wp\/v2\/categories?post=170911"},{"taxonomy":"post_tag","embeddable":true,"href":"https:\/\/www.enteratever.com\/2023\/wp-json\/wp\/v2\/tags?post=170911"}],"curies":[{"name":"wp","href":"https:\/\/api.w.org\/{rel}","templated":true}]}}