{"id":170907,"date":"2014-04-14T14:50:52","date_gmt":"2014-04-14T14:50:52","guid":{"rendered":"https:\/\/www.enteratever.com\/2023\/acudiran-ninos-coatzintecos-al-festival-kani-tajin-lopez\/"},"modified":"2014-04-14T14:50:52","modified_gmt":"2014-04-14T14:50:52","slug":"acudiran-ninos-coatzintecos-al-festival-kani-tajin-lopez","status":"publish","type":"post","link":"https:\/\/www.enteratever.com\/2023\/2014\/04\/14\/acudiran-ninos-coatzintecos-al-festival-kani-tajin-lopez\/","title":{"rendered":"Acudir\u00e1n ni\u00f1os coatzintecos al festival Kani Taj\u00edn: L\u00f3pez"},"content":{"rendered":"<p>Visitas: 1<\/p><figure id=\"attachment_48845\" aria-describedby=\"caption-attachment-48845\" style=\"width: 587px\" class=\"wp-caption aligncenter\"><a href=\"http:\/\/www.enteratever.com\/wp-content\/uploads\/2014\/04\/Invitaci\u00f3n-a-Kani-Tajin.jpg\"><img loading=\"lazy\" decoding=\"async\" class=\"size-full wp-image-48845\" alt=\"Acudir\u00e1n ni\u00f1os coatzintecos al festival Kani Taj\u00edn: L\u00f3pez\" src=\"http:\/\/www.enteratever.com\/wp-content\/uploads\/2014\/04\/Invitaci\u00f3n-a-Kani-Tajin.jpg\" width=\"587\" height=\"440\" \/><\/a><figcaption id=\"caption-attachment-48845\" class=\"wp-caption-text\">Acudir\u00e1n ni\u00f1os coatzintecos al festival Kani Taj\u00edn: L\u00f3pez<\/figcaption><\/figure>\n<p style=\"text-align: justify\">Ni\u00f1os coatzintecos asistir\u00e1n al festival anual \u2018Kani Taj\u00edn\u2019 este 4 de Mayo, para disfrutar de todas las actividades preparadas por el sistema DIF Estatal, el Parque Tem\u00e1tico Takilsukult y el evento Cumbre Taj\u00edn, en el marco de la celebraci\u00f3n del D\u00eda del Ni\u00f1o.<!--more--><\/p>\n<p style=\"text-align: justify\">La S\u00edndico \u00fanico, Lorena L\u00f3pez Vel\u00e1zquez, recibi\u00f3 al Director del Parque Tem\u00e1tico, Luis Hern\u00e1ndez S\u00e1nchez y al director de promoci\u00f3n regional y servicios tur\u00edsticos de Cumbre Taj\u00edn, Edgar de Le\u00f3n Vicencio.<\/p>\n<p style=\"text-align: justify\">\u201cNos vinieron a invitar para que a su vez hagamos extensiva esta convocatoria a todos los ni\u00f1os coatzintecos que quieran acudir a este festival del D\u00eda del Ni\u00f1o que a\u00f1o con a\u00f1o se realiza y que es un evento con muchas actividades para disfrute de la infancia\u201d, destac\u00f3.<\/p>\n<p style=\"text-align: justify\">En su novena edici\u00f3n, los peque\u00f1os celebrar\u00e1n su d\u00eda a lo grande y disfrutar\u00e1n la magia de la Ceremonia Ritual de los Ni\u00f1os Voladores, talleres, danzas, juegos, obras de teatro, arte, recorridos y muchas sorpresas m\u00e1s de parte del DIF Estatal.<\/p>\n<p style=\"text-align: justify\">Entre los talleres est\u00e1n el de elaboraci\u00f3n de papalotes, reciclado, juguetes, vainilla tejida, flores de papel, colibr\u00ed de olote, fiesta de globos, semillas, entre otros.<\/p>\n<p style=\"text-align: justify\">Los asistentes tambi\u00e9n podr\u00e1n conocer y admirar las casas que conforman el CAI: Kantiy\u00e1n, Mundo del Algod\u00f3n, Casa del Arte de Sanar, Escuela de Danzas Tradicionales, Casa Xanath y el Centro de Difusi\u00f3n y Comunicaci\u00f3n.<\/p>\n","protected":false},"excerpt":{"rendered":"<p>Visitas: 1Ni\u00f1os coatzintecos asistir\u00e1n al festival anual \u2018Kani Taj\u00edn\u2019 este 4 de Mayo, para disfrutar de todas las actividades preparadas por el sistema DIF Estatal, el Parque Tem\u00e1tico Takilsukult y el evento Cumbre Taj\u00edn, en el marco de la celebraci\u00f3n del D\u00eda del Ni\u00f1o.<\/p>\n","protected":false},"author":2,"featured_media":0,"comment_status":"open","ping_status":"open","sticky":false,"template":"","format":"standard","meta":{"footnotes":""},"categories":[216],"tags":[],"class_list":{"0":"post-170907","1":"post","2":"type-post","3":"status-publish","4":"format-standard","6":"category-coatzintla"},"nelio_content":{"isAutoShareEnabled":true,"autoShareEndMode":"never","automationSources":{"useCustomSentences":false,"customSentences":[]},"followers":[],"suggestedReferences":[],"efiUrl":"","efiAlt":"","highlights":[],"permalinkQueryArgs":[],"series":[]},"_links":{"self":[{"href":"https:\/\/www.enteratever.com\/2023\/wp-json\/wp\/v2\/posts\/170907","targetHints":{"allow":["GET"]}}],"collection":[{"href":"https:\/\/www.enteratever.com\/2023\/wp-json\/wp\/v2\/posts"}],"about":[{"href":"https:\/\/www.enteratever.com\/2023\/wp-json\/wp\/v2\/types\/post"}],"author":[{"embeddable":true,"href":"https:\/\/www.enteratever.com\/2023\/wp-json\/wp\/v2\/users\/2"}],"replies":[{"embeddable":true,"href":"https:\/\/www.enteratever.com\/2023\/wp-json\/wp\/v2\/comments?post=170907"}],"version-history":[{"count":0,"href":"https:\/\/www.enteratever.com\/2023\/wp-json\/wp\/v2\/posts\/170907\/revisions"}],"wp:attachment":[{"href":"https:\/\/www.enteratever.com\/2023\/wp-json\/wp\/v2\/media?parent=170907"}],"wp:term":[{"taxonomy":"category","embeddable":true,"href":"https:\/\/www.enteratever.com\/2023\/wp-json\/wp\/v2\/categories?post=170907"},{"taxonomy":"post_tag","embeddable":true,"href":"https:\/\/www.enteratever.com\/2023\/wp-json\/wp\/v2\/tags?post=170907"}],"curies":[{"name":"wp","href":"https:\/\/api.w.org\/{rel}","templated":true}]}}