{"id":170906,"date":"2014-04-14T14:49:44","date_gmt":"2014-04-14T14:49:44","guid":{"rendered":"https:\/\/www.enteratever.com\/2023\/que-sea-una-fiesta-familiar\/"},"modified":"2014-04-14T14:49:44","modified_gmt":"2014-04-14T14:49:44","slug":"que-sea-una-fiesta-familiar","status":"publish","type":"post","link":"https:\/\/www.enteratever.com\/2023\/2014\/04\/14\/que-sea-una-fiesta-familiar\/","title":{"rendered":"Que sea una fiesta familiar"},"content":{"rendered":"<p>Visitas: 1<\/p><figure id=\"attachment_48842\" aria-describedby=\"caption-attachment-48842\" style=\"width: 660px\" class=\"wp-caption aligncenter\"><a href=\"http:\/\/www.enteratever.com\/wp-content\/uploads\/2014\/04\/carrera-de-judios.jpg\"><img loading=\"lazy\" decoding=\"async\" class=\"size-full wp-image-48842\" alt=\"Que sea una fiesta familiar\" src=\"http:\/\/www.enteratever.com\/wp-content\/uploads\/2014\/04\/carrera-de-judios.jpg\" width=\"660\" height=\"440\" \/><\/a><figcaption id=\"caption-attachment-48842\" class=\"wp-caption-text\">Que sea una fiesta familiar<\/figcaption><\/figure>\n<p style=\"text-align: justify\">El Ayuntamiento local trabaja de cerca con dependencias como la Polic\u00eda Intermunicipal, Cruz Roja y Protecci\u00f3n Civil para garantizar que las actividades sociales durante la Semana Santa, en la que se incluye la tradicional Carrera de Jud\u00edos sean una fiesta familiar, tranquila y en paz, seg\u00fan coment\u00f3 el regidor comisionado en turismo, Aldo Ren\u00e9 Herrera D\u00edaz.<!--more--><\/p>\n<p style=\"text-align: justify\">\u201cHemos tenido acercamientos con los Jud\u00edos y nos han referido cu\u00e1les son sus necesidades. En general piden que haya seguridad en su recorrido, que no haya puestos ambulantes que puedan estorbarles en su carrera y que se cierren las calles correspondientes de manera adecuada y que se procure mantener el orden\u201d, dijo el edil.<\/p>\n<p style=\"text-align: justify\">Destac\u00f3 que por instrucciones del alcalde C\u00e9sar Ulises Garc\u00eda V\u00e1zquez, se tienen puestos los ojos en los temas de seguridad, ya se tienen los di\u00e1logos correspondientes para mantener vigilancia en el r\u00edo Cazones, en la zona de ba\u00f1istas, la representaci\u00f3n del viacrucis, el S\u00e1bado de Gloria y la Carrera de Judea, porque se trata de celebraciones que atraen a multitudes.<\/p>\n<p style=\"text-align: justify\">LA CARRERA DE JUDEA<\/p>\n<p style=\"text-align: justify\">Ya todo est\u00e1 listo para la celebraci\u00f3n de la tradicional Carrera de Judea y para que se efect\u00fae el grandioso baile al final de este evento, este s\u00e1bado por la noche, en el parque central Manlio Fabio Altamirano.<\/p>\n<figure id=\"attachment_48841\" aria-describedby=\"caption-attachment-48841\" style=\"width: 660px\" class=\"wp-caption aligncenter\"><a href=\"http:\/\/www.enteratever.com\/wp-content\/uploads\/2014\/04\/carrera-de-judios-2.jpg\"><img loading=\"lazy\" decoding=\"async\" class=\"size-full wp-image-48841\" alt=\"Que sea una fiesta familiar\" src=\"http:\/\/www.enteratever.com\/wp-content\/uploads\/2014\/04\/carrera-de-judios-2.jpg\" width=\"660\" height=\"440\" \/><\/a><figcaption id=\"caption-attachment-48841\" class=\"wp-caption-text\">Que sea una fiesta familiar<\/figcaption><\/figure>\n<p style=\"text-align: justify\">Mois\u00e9s Guerrera, organizador de este festejo, manifest\u00f3 que se espera la asistencia de visitantes de toda la regi\u00f3n e incluso de otras partes del pa\u00eds, quienes vienen atra\u00eddos por el misticismo de esta representaci\u00f3n pagana de la Pasi\u00f3n de Cristo.<\/p>\n","protected":false},"excerpt":{"rendered":"<p>Visitas: 1El Ayuntamiento local trabaja de cerca con dependencias como la Polic\u00eda Intermunicipal, Cruz Roja y Protecci\u00f3n Civil para garantizar que las actividades sociales durante la Semana Santa, en la que se incluye la tradicional Carrera de Jud\u00edos sean una fiesta familiar, tranquila y en paz, seg\u00fan coment\u00f3 el regidor comisionado en turismo, Aldo Ren\u00e9 [&hellip;]<\/p>\n","protected":false},"author":2,"featured_media":0,"comment_status":"open","ping_status":"open","sticky":false,"template":"","format":"standard","meta":{"footnotes":""},"categories":[216],"tags":[],"class_list":{"0":"post-170906","1":"post","2":"type-post","3":"status-publish","4":"format-standard","6":"category-coatzintla"},"nelio_content":{"isAutoShareEnabled":true,"autoShareEndMode":"never","automationSources":{"useCustomSentences":false,"customSentences":[]},"followers":[],"suggestedReferences":[],"efiUrl":"","efiAlt":"","highlights":[],"permalinkQueryArgs":[],"series":[]},"_links":{"self":[{"href":"https:\/\/www.enteratever.com\/2023\/wp-json\/wp\/v2\/posts\/170906","targetHints":{"allow":["GET"]}}],"collection":[{"href":"https:\/\/www.enteratever.com\/2023\/wp-json\/wp\/v2\/posts"}],"about":[{"href":"https:\/\/www.enteratever.com\/2023\/wp-json\/wp\/v2\/types\/post"}],"author":[{"embeddable":true,"href":"https:\/\/www.enteratever.com\/2023\/wp-json\/wp\/v2\/users\/2"}],"replies":[{"embeddable":true,"href":"https:\/\/www.enteratever.com\/2023\/wp-json\/wp\/v2\/comments?post=170906"}],"version-history":[{"count":0,"href":"https:\/\/www.enteratever.com\/2023\/wp-json\/wp\/v2\/posts\/170906\/revisions"}],"wp:attachment":[{"href":"https:\/\/www.enteratever.com\/2023\/wp-json\/wp\/v2\/media?parent=170906"}],"wp:term":[{"taxonomy":"category","embeddable":true,"href":"https:\/\/www.enteratever.com\/2023\/wp-json\/wp\/v2\/categories?post=170906"},{"taxonomy":"post_tag","embeddable":true,"href":"https:\/\/www.enteratever.com\/2023\/wp-json\/wp\/v2\/tags?post=170906"}],"curies":[{"name":"wp","href":"https:\/\/api.w.org\/{rel}","templated":true}]}}