{"id":170898,"date":"2014-04-11T23:09:49","date_gmt":"2014-04-11T23:09:49","guid":{"rendered":"https:\/\/www.enteratever.com\/2023\/realizan-alumnos-de-primaria-demostracion-de-habilidades\/"},"modified":"2014-04-11T23:09:49","modified_gmt":"2014-04-11T23:09:49","slug":"realizan-alumnos-de-primaria-demostracion-de-habilidades","status":"publish","type":"post","link":"https:\/\/www.enteratever.com\/2023\/2014\/04\/11\/realizan-alumnos-de-primaria-demostracion-de-habilidades\/","title":{"rendered":"Realizan alumnos de primaria demostraci\u00f3n de habilidades"},"content":{"rendered":"<p>Visitas: 2<\/p><figure id=\"attachment_48451\" aria-describedby=\"caption-attachment-48451\" style=\"width: 660px\" class=\"wp-caption aligncenter\"><a href=\"http:\/\/www.enteratever.com\/wp-content\/uploads\/2014\/04\/MUESTRAN-SUS-TALENTOS-NI\u00d1OS-DE-PRIMARIA-Y-ALGUNOS-DOCENTES.jpg\"><img loading=\"lazy\" decoding=\"async\" class=\"size-full wp-image-48451\" alt=\"Realizan alumnos de primaria demostraci\u00f3n de habilidades \" src=\"http:\/\/www.enteratever.com\/wp-content\/uploads\/2014\/04\/MUESTRAN-SUS-TALENTOS-NI\u00d1OS-DE-PRIMARIA-Y-ALGUNOS-DOCENTES.jpg\" width=\"660\" height=\"439\" \/><\/a><figcaption id=\"caption-attachment-48451\" class=\"wp-caption-text\">Realizan alumnos de primaria demostraci\u00f3n de habilidades<\/figcaption><\/figure>\n<p style=\"text-align: justify\">Coatzintla, Ver.- Alumnos de 11 instituciones educativas de la zona 094 ofrecieron una muestra de sus habilidades en el marco del evento Demostraci\u00f3n de Estrategias del Programa de Lectura \u201cEn mi Escuela Todos Somos Lectores y Escritores\u201d.<!--more--><\/p>\n<p style=\"text-align: justify\">El director de Educaci\u00f3n, Elvis P\u00e9rez Hern\u00e1ndez, dio a conocer que los estudiantes exhibieron por separado lo que han aprendido en sus aulas escolares y muchos de ellos dieron un ejemplo del talento que tienen para teatro y actuaci\u00f3n.<\/p>\n<p style=\"text-align: justify\">\u201cParticipamos con la escuela primaria Salvador D\u00edaz Mir\u00f3n, todas las escuelas de la zona nos reunimos para la demostraci\u00f3n del programa de lectura En mi Escuela Todos somos Lectores y Escritores\u201d, explic\u00f3 el funcionario.<\/p>\n<figure id=\"attachment_48452\" aria-describedby=\"caption-attachment-48452\" style=\"width: 660px\" class=\"wp-caption aligncenter\"><a href=\"http:\/\/www.enteratever.com\/wp-content\/uploads\/2014\/04\/REALIZAN-DEMOSTRACI\u00d3N-DE-LECTURA.jpg\"><img loading=\"lazy\" decoding=\"async\" class=\"size-full wp-image-48452\" alt=\"Realizan alumnos de primaria demostraci\u00f3n de habilidades \" src=\"http:\/\/www.enteratever.com\/wp-content\/uploads\/2014\/04\/REALIZAN-DEMOSTRACI\u00d3N-DE-LECTURA.jpg\" width=\"660\" height=\"439\" \/><\/a><figcaption id=\"caption-attachment-48452\" class=\"wp-caption-text\">Realizan alumnos de primaria demostraci\u00f3n de habilidades<\/figcaption><\/figure>\n<p style=\"text-align: justify\">Destac\u00f3 que es muy importante que se lleve a cabo este tipo de actividades en la que los alumnos dan una muestra de lo que se hace en cada una de las escuelas y esta vez los ni\u00f1os leen, muestran sus habilidades, lo que tambi\u00e9n les sirve de motivaci\u00f3n.<\/p>\n<p style=\"text-align: justify\">Manifest\u00f3 que la lectura es b\u00e1sica y por eso es importante que se promueva en las escuelas y en los hogares, porque un pa\u00eds que no lee es un pa\u00eds sin cultura.<\/p>\n<p style=\"text-align: justify\">Destacaron los trajes a la usanza totonaca y las danzas aut\u00f3ctonas que se presentaron en el marco de este programa educativo, lo que deja constancia de que los ni\u00f1os coatzintecos tienen mucho talento.<\/p>\n<p style=\"text-align: justify\">En el evento estuvo presente el Supervisor Escolar de la zona 094, profesor Edilberto Huidobro Cruz.<\/p>\n","protected":false},"excerpt":{"rendered":"<p>Visitas: 2Coatzintla, Ver.- Alumnos de 11 instituciones educativas de la zona 094 ofrecieron una muestra de sus habilidades en el marco del evento Demostraci\u00f3n de Estrategias del Programa de Lectura \u201cEn mi Escuela Todos Somos Lectores y Escritores\u201d.<\/p>\n","protected":false},"author":1,"featured_media":0,"comment_status":"open","ping_status":"open","sticky":false,"template":"","format":"standard","meta":{"footnotes":""},"categories":[216],"tags":[],"class_list":{"0":"post-170898","1":"post","2":"type-post","3":"status-publish","4":"format-standard","6":"category-coatzintla"},"nelio_content":{"isAutoShareEnabled":true,"autoShareEndMode":"never","automationSources":{"useCustomSentences":false,"customSentences":[]},"followers":[],"suggestedReferences":[],"efiUrl":"","efiAlt":"","highlights":[],"permalinkQueryArgs":[],"series":[]},"_links":{"self":[{"href":"https:\/\/www.enteratever.com\/2023\/wp-json\/wp\/v2\/posts\/170898","targetHints":{"allow":["GET"]}}],"collection":[{"href":"https:\/\/www.enteratever.com\/2023\/wp-json\/wp\/v2\/posts"}],"about":[{"href":"https:\/\/www.enteratever.com\/2023\/wp-json\/wp\/v2\/types\/post"}],"author":[{"embeddable":true,"href":"https:\/\/www.enteratever.com\/2023\/wp-json\/wp\/v2\/users\/1"}],"replies":[{"embeddable":true,"href":"https:\/\/www.enteratever.com\/2023\/wp-json\/wp\/v2\/comments?post=170898"}],"version-history":[{"count":0,"href":"https:\/\/www.enteratever.com\/2023\/wp-json\/wp\/v2\/posts\/170898\/revisions"}],"wp:attachment":[{"href":"https:\/\/www.enteratever.com\/2023\/wp-json\/wp\/v2\/media?parent=170898"}],"wp:term":[{"taxonomy":"category","embeddable":true,"href":"https:\/\/www.enteratever.com\/2023\/wp-json\/wp\/v2\/categories?post=170898"},{"taxonomy":"post_tag","embeddable":true,"href":"https:\/\/www.enteratever.com\/2023\/wp-json\/wp\/v2\/tags?post=170898"}],"curies":[{"name":"wp","href":"https:\/\/api.w.org\/{rel}","templated":true}]}}