{"id":170894,"date":"2014-04-11T01:38:13","date_gmt":"2014-04-11T01:38:13","guid":{"rendered":"https:\/\/www.enteratever.com\/2023\/convocan-a-ninos-coatzintecos\/"},"modified":"2014-04-11T01:38:13","modified_gmt":"2014-04-11T01:38:13","slug":"convocan-a-ninos-coatzintecos","status":"publish","type":"post","link":"https:\/\/www.enteratever.com\/2023\/2014\/04\/11\/convocan-a-ninos-coatzintecos\/","title":{"rendered":"Convocan a ni\u00f1os coatzintecos"},"content":{"rendered":"<p>Visitas: 2<\/p><div style=\"text-align: justify\">\n<figure id=\"attachment_48103\" aria-describedby=\"caption-attachment-48103\" style=\"width: 587px\" class=\"wp-caption aligncenter\"><a href=\"http:\/\/www.enteratever.com\/wp-content\/uploads\/2014\/04\/PERSONAL-DE-LA-UOP-EN-COORDINACI\u00d3N-CON-EL-AYUNTAMIENTO-HAR\u00c1N-FESTIVAL-INFANTIL-EN-EL-DIA-DEL-NI\u00d1O.jpg\"><img loading=\"lazy\" decoding=\"async\" class=\"size-full wp-image-48103\" alt=\"Convocan a ni\u00f1os coatzintecos\" src=\"http:\/\/www.enteratever.com\/wp-content\/uploads\/2014\/04\/PERSONAL-DE-LA-UOP-EN-COORDINACI\u00d3N-CON-EL-AYUNTAMIENTO-HAR\u00c1N-FESTIVAL-INFANTIL-EN-EL-DIA-DEL-NI\u00d1O.jpg\" width=\"587\" height=\"440\" \/><\/a><figcaption id=\"caption-attachment-48103\" class=\"wp-caption-text\">Convocan a ni\u00f1os coatzintecos<\/figcaption><\/figure>\n<p>El sistema DIF municipal y la Unidad de Orientaci\u00f3n al P\u00fablico (UOP) organizan el Segundo Festival de Talentos Infantiles que tendr\u00e1 lugar el 30 de abril, para lo cual lanzan la convocatoria para que participen ni\u00f1os con habilidades y talentos especiales en el canto, oratoria, deporte, lectura de cuentos, actuaci\u00f3n, entre otros.<!--more--><\/div>\n<div style=\"text-align: justify\"><\/div>\n<div style=\"text-align: justify\">Karina Cruz Soto, asesora t\u00e9cnico-pedag\u00f3gico del \u00e1rea de alumnos con actitudes sobresalientes y talentos espec\u00edficos de la UOP, dio a conocer que el a\u00f1o pasado se realiz\u00f3 el primer festival de talento infantil y juvenil y la intenci\u00f3n es darle continuidad a este evento y presentarlo junto con el DIF municipal en la fiesta del D\u00eda del Ni\u00f1o, el 30 de abril.<\/div>\n<div style=\"text-align: justify\"><\/div>\n<div style=\"text-align: justify\">\u201cPueden participar con canto, oratoria, alg\u00fan deporte, leyendo cuentos, alguna actuaci\u00f3n, con \u00a0habilidades incluso para la lectura, pues hay ni\u00f1os que en preescolar ya leen. La convocatoria est\u00e1 dirigida a ni\u00f1os de preescolar, primaria y secundaria. No es un concurso, es una demostraci\u00f3n de los talentos y se les estar\u00e1 entregando constancia de participaci\u00f3n\u201d, destac\u00f3.<\/div>\n<div style=\"text-align: justify\"><\/div>\n<div style=\"text-align: justify\">Agreg\u00f3 que la invitaci\u00f3n es para el 30 de abril a las 5 de la tarde en el campo Miguel Alem\u00e1n. Quienes quieran participar con una presentaci\u00f3n de sus talentos se pueden que inscribir en la UOP, hoy viernes desde las 09:00 hasta las 15:00 horas en las oficinas de la UOP que se ubican en el DIF municipal.<\/div>\n","protected":false},"excerpt":{"rendered":"<p>Visitas: 2 El sistema DIF municipal y la Unidad de Orientaci\u00f3n al P\u00fablico (UOP) organizan el Segundo Festival de Talentos Infantiles que tendr\u00e1 lugar el 30 de abril, para lo cual lanzan la convocatoria para que participen ni\u00f1os con habilidades y talentos especiales en el canto, oratoria, deporte, lectura de cuentos, actuaci\u00f3n, entre otros.<\/p>\n","protected":false},"author":2,"featured_media":0,"comment_status":"open","ping_status":"open","sticky":false,"template":"","format":"standard","meta":{"footnotes":""},"categories":[216],"tags":[],"class_list":{"0":"post-170894","1":"post","2":"type-post","3":"status-publish","4":"format-standard","6":"category-coatzintla"},"nelio_content":{"isAutoShareEnabled":true,"autoShareEndMode":"never","automationSources":{"useCustomSentences":false,"customSentences":[]},"followers":[],"suggestedReferences":[],"efiUrl":"","efiAlt":"","highlights":[],"permalinkQueryArgs":[],"series":[]},"_links":{"self":[{"href":"https:\/\/www.enteratever.com\/2023\/wp-json\/wp\/v2\/posts\/170894","targetHints":{"allow":["GET"]}}],"collection":[{"href":"https:\/\/www.enteratever.com\/2023\/wp-json\/wp\/v2\/posts"}],"about":[{"href":"https:\/\/www.enteratever.com\/2023\/wp-json\/wp\/v2\/types\/post"}],"author":[{"embeddable":true,"href":"https:\/\/www.enteratever.com\/2023\/wp-json\/wp\/v2\/users\/2"}],"replies":[{"embeddable":true,"href":"https:\/\/www.enteratever.com\/2023\/wp-json\/wp\/v2\/comments?post=170894"}],"version-history":[{"count":0,"href":"https:\/\/www.enteratever.com\/2023\/wp-json\/wp\/v2\/posts\/170894\/revisions"}],"wp:attachment":[{"href":"https:\/\/www.enteratever.com\/2023\/wp-json\/wp\/v2\/media?parent=170894"}],"wp:term":[{"taxonomy":"category","embeddable":true,"href":"https:\/\/www.enteratever.com\/2023\/wp-json\/wp\/v2\/categories?post=170894"},{"taxonomy":"post_tag","embeddable":true,"href":"https:\/\/www.enteratever.com\/2023\/wp-json\/wp\/v2\/tags?post=170894"}],"curies":[{"name":"wp","href":"https:\/\/api.w.org\/{rel}","templated":true}]}}