{"id":170880,"date":"2014-04-07T01:27:31","date_gmt":"2014-04-07T01:27:31","guid":{"rendered":"https:\/\/www.enteratever.com\/2023\/carrera-de-judios-una-tradicion-de-160-anos\/"},"modified":"2014-04-07T01:27:31","modified_gmt":"2014-04-07T01:27:31","slug":"carrera-de-judios-una-tradicion-de-160-anos","status":"publish","type":"post","link":"https:\/\/www.enteratever.com\/2023\/2014\/04\/07\/carrera-de-judios-una-tradicion-de-160-anos\/","title":{"rendered":"Carrera de jud\u00edos, una tradici\u00f3n de 160 a\u00f1os"},"content":{"rendered":"<p>Visitas: 3<\/p><p style=\"text-align: justify\"><img loading=\"lazy\" decoding=\"async\" class=\"aligncenter size-full wp-image-46683\" alt=\"carrera de judios foto de archivo\" src=\"http:\/\/www.enteratever.com\/wp-content\/uploads\/2014\/04\/carrera-de-judios-foto-de-archivo.jpg\" width=\"660\" height=\"386\" \/>La Carrera de jud\u00edos es una de las celebraciones m\u00e1s antiguas que existen en Coatzintla y una de las m\u00e1s arraigadas. Cada a\u00f1o llegan a Coatzintla miles de personas para presenciar esta peculiar versi\u00f3n de la representaci\u00f3n de La Pasi\u00f3n de Cristo, aunque no se tiene un antecedente preciso de cu\u00e1ndo empez\u00f3, como reconoce Mois\u00e9s Guerra S\u00e1nchez, organizador de este evento.<!--more--><\/p>\n<p style=\"text-align: justify\">\u201cLa verdadera fecha de esta tradici\u00f3n se pierde en la historia\u201d, dice con una mezcla de misterio y orgullo. \u201cPero podr\u00eda tener m\u00e1s de 160 a\u00f1os. Mi pap\u00e1 -que acaba de fallecer- permaneci\u00f3 en la comparsa 83 a\u00f1os y fue integrante de la tercera generaci\u00f3n. Antes que \u00e9l hubo otros dos. Puede tener unos 160 a\u00f1os y mire usted, est\u00e1 viva la tradici\u00f3n, aqu\u00ed est\u00e1 la juventud, \u00a1esto sigue!\u201d<\/p>\n<p style=\"text-align: justify\">Este fin de semana se reunieron los integrantes de la Carrera de Judea liderados por Servando Guerra S\u00e1nchez, el Rey de los Jud\u00edos, quien tiene la mayor experiencia y antig\u00fcedad en esta agrupaci\u00f3n. Destacan j\u00f3venes, incluso algunos menores de edad, que ya se comprometieron a trav\u00e9s de una manda para participar por los pr\u00f3ximos siete a\u00f1os.<\/p>\n<p style=\"text-align: justify\">Todo est\u00e1 listo para que la Carrera de Jud\u00edos, una tradici\u00f3n de 160 a\u00f1os en Coatzintla, se realice los d\u00edas 17, 18 y 19 de abril. Los personajes principales Poncio Pilatos, lo interpretar\u00e1 Narciso Salas; el Centuri\u00f3n, Armando V\u00e1zquez Reyes; el Manco, Servando Guerra de la Cruz, mientras que la designaci\u00f3n de Judas ser\u00e1 sorpresa. Jes\u00fas, como desde hace tres a\u00f1os, ser\u00e1 representado con una imagen.<\/p>\n<p style=\"text-align: justify\">DOMINGO DE RAMOS, EL ESP\u00cdA<br \/>\nEn entrevista, Mois\u00e9s Guerra S\u00e1nchez, relata que todo empieza el Domingo de Ramos, cuando Herodes env\u00eda un esp\u00eda a confirmar los rumores de la llegada de un mes\u00edas que cura enfermos, una situaci\u00f3n que provoca inestabilidad en el gobierno romano de aqu\u00e9l entonces.<\/p>\n<p style=\"text-align: justify\">EL JUEVES, APREHENSI\u00d3N<br \/>\nJes\u00fas es entregado por Judas Iscariote, por 30 monedas de plata o 30 Ciclos de plata. Para que los soldados romanos pudieran reconocer a Jes\u00fas, Judas acuerda que lo se\u00f1alara al darle un beso en una mejilla.<\/p>\n<p style=\"text-align: justify\">SENTENCIA<br \/>\nAl d\u00eda siguiente, viernes, lo sentencian. Un hombre con voz fuerte exige a Pilatos la muerte por crucifixi\u00f3n para Jes\u00fas porque es un trastornador p\u00fablico y un enemigo del imperio.<\/p>\n<p style=\"text-align: justify\">SABADO DE GLORIA<br \/>\nEl s\u00e1bado de gloria es cuando Judas arrepentido por lo que ha hecho corre desesperado y lleva las 30 monedas que le pagaron en una bolsita de piel de liebre, y mientras m\u00e1s corre con sonido l\u00fagubre las monedas le van suene y suene y m\u00e1s corre y enloquece y va azotando, va golpeando a la gente. Judas se ahorca en \u00e1rbol que se llamaba \u2018Sicomoro\u2019.<\/p>\n<p style=\"text-align: justify\">QUEMA DE JUDAS<br \/>\nJudas permanece colgado y ning\u00fan pastor se atreve a pasar por debajo de aqu\u00e9l \u00e1rbol porque les recuerda la venta del divino Maestro. Tarda ah\u00ed mucho tiempo hasta que la cuerda se revienta sola y se va a un desfiladero y nosotros aqu\u00ed hacemos eso con la quema de Judas. Hacemos una r\u00e9plica, un mu\u00f1eco y lo quemamos.<\/p>\n<p style=\"text-align: justify\">CARRERA DE JUDIOS<br \/>\nNosotros ocupamos Jueves 17, viernes 18 que es el acto de la sentencia y el 19, la tradicional Carrera de Jud\u00edos. En aqu\u00e9lla vida Judas era primo de Jes\u00fas y por la confianza lo nombra su tesorero. \u00c9l guardaba las limosnas que los israelitas daban. Era su tesorero y primo a la vez.<\/p>\n<p style=\"text-align: justify\">110 JUDIOS<br \/>\nAhorita con uniforme y vestidos como jud\u00edos hay un promedio entre 85 elementos, todos de Coatzintla. Pero tambi\u00e9n hay gente de pantal\u00f3n largo que nos apoya. Sumo unos 110, que toda su vida han sido Jud\u00edos, ah\u00ed hay varios se\u00f1ores.<\/p>\n<p style=\"text-align: justify\">FLAGELACI\u00d3N VOLUNTARIA<br \/>\nLa flagelaci\u00f3n a veces ellos lo piden. Ttienen una manda o para demostrar que vienen de lejos y quieren llevarse un recuerdo de que vinieron a la carrera de jud\u00edos, que ven esto por internet y no saben d\u00f3nde est\u00e1 Coatzintla, pero llegan. Entonces les decimos a los Judios que los marquen, pero leve, tampoco abusen, pero hay quienes piden hasta dos y as\u00ed la gente expresa su fe.<\/p>\n<p style=\"text-align: justify\">17, 18 y 19 DE ABRIL<br \/>\nLa Carrera de Jud\u00edos se llevar\u00e1 a cabo este a\u00f1o los d\u00edas 17, 18 y 19 de abril. Para su realizaci\u00f3n todo est\u00e1 listo. La invitaci\u00f3n es extensiva para que todos los interesados acudan y presencien esta tradici\u00f3n de m\u00e1s de 160 a\u00f1os.<\/p>\n\n","protected":false},"excerpt":{"rendered":"<p>Visitas: 3La Carrera de jud\u00edos es una de las celebraciones m\u00e1s antiguas que existen en Coatzintla y una de las m\u00e1s arraigadas. Cada a\u00f1o llegan a Coatzintla miles de personas para presenciar esta peculiar versi\u00f3n de la representaci\u00f3n de La Pasi\u00f3n de Cristo, aunque no se tiene un antecedente preciso de cu\u00e1ndo empez\u00f3, como reconoce [&hellip;]<\/p>\n","protected":false},"author":2,"featured_media":0,"comment_status":"open","ping_status":"open","sticky":false,"template":"","format":"standard","meta":{"footnotes":""},"categories":[216],"tags":[],"class_list":{"0":"post-170880","1":"post","2":"type-post","3":"status-publish","4":"format-standard","6":"category-coatzintla"},"nelio_content":{"isAutoShareEnabled":true,"autoShareEndMode":"never","automationSources":{"useCustomSentences":false,"customSentences":[]},"followers":[],"suggestedReferences":[],"efiUrl":"","efiAlt":"","highlights":[],"permalinkQueryArgs":[],"series":[]},"_links":{"self":[{"href":"https:\/\/www.enteratever.com\/2023\/wp-json\/wp\/v2\/posts\/170880","targetHints":{"allow":["GET"]}}],"collection":[{"href":"https:\/\/www.enteratever.com\/2023\/wp-json\/wp\/v2\/posts"}],"about":[{"href":"https:\/\/www.enteratever.com\/2023\/wp-json\/wp\/v2\/types\/post"}],"author":[{"embeddable":true,"href":"https:\/\/www.enteratever.com\/2023\/wp-json\/wp\/v2\/users\/2"}],"replies":[{"embeddable":true,"href":"https:\/\/www.enteratever.com\/2023\/wp-json\/wp\/v2\/comments?post=170880"}],"version-history":[{"count":0,"href":"https:\/\/www.enteratever.com\/2023\/wp-json\/wp\/v2\/posts\/170880\/revisions"}],"wp:attachment":[{"href":"https:\/\/www.enteratever.com\/2023\/wp-json\/wp\/v2\/media?parent=170880"}],"wp:term":[{"taxonomy":"category","embeddable":true,"href":"https:\/\/www.enteratever.com\/2023\/wp-json\/wp\/v2\/categories?post=170880"},{"taxonomy":"post_tag","embeddable":true,"href":"https:\/\/www.enteratever.com\/2023\/wp-json\/wp\/v2\/tags?post=170880"}],"curies":[{"name":"wp","href":"https:\/\/api.w.org\/{rel}","templated":true}]}}