{"id":170872,"date":"2014-04-04T00:30:05","date_gmt":"2014-04-04T00:30:05","guid":{"rendered":"https:\/\/www.enteratever.com\/2023\/a-la-alza-matricula-en-la-upav-de-la-region\/"},"modified":"2014-04-04T00:30:05","modified_gmt":"2014-04-04T00:30:05","slug":"a-la-alza-matricula-en-la-upav-de-la-region","status":"publish","type":"post","link":"https:\/\/www.enteratever.com\/2023\/2014\/04\/04\/a-la-alza-matricula-en-la-upav-de-la-region\/","title":{"rendered":"A la alza matr\u00edcula en la UPAV de la regi\u00f3n"},"content":{"rendered":"<p>Visitas: 2<\/p><p style=\"text-align: center\"><img loading=\"lazy\" decoding=\"async\" class=\"aligncenter size-full wp-image-46045\" alt=\"???????????????????????????????\" src=\"http:\/\/www.enteratever.com\/wp-content\/uploads\/2014\/04\/DSCN64541.jpg\" width=\"670\" height=\"530\" \/><\/p>\n<p style=\"text-align: justify\">Est\u00e1n a la alza las inscripciones de alumnos a las diferentes opciones que ofrece la Universidad Popular Aut\u00f3noma de Veracruz (UPAV), reconoce el coordinador regional de esta instituci\u00f3n educativa, Marco Antonio Guerrero Ju\u00e1rez.<!--more--><\/p>\n<p>De acuerdo con \u00e9l las carreras de mayor demanda son las de ingenier\u00eda industrial, derecho y la de sicopedagog\u00eda, porque hay demanda en el mercado y porque las condiciones para el alumno son inmejorables, pues se puede estudiar s\u00e1bados o domingos.<\/p>\n<p>\u201cCada vez es mayor la matr\u00edcula de alumnos\u201d, dice. \u201cY crecemos cada a\u00f1o. Creo que esto va a seguir porque se tiene en estudio abrir nuevas opciones tanto en Poza Rica como en Coatzintla y en municipios aleda\u00f1os\u201d.<\/p>\n<p>Agrega que en el nivel regional se tiene un padr\u00f3n de 900 alumnos en licenciatura y alrededor de mil 500 en bachillerato.<\/p>\n<p>Dice que quienes est\u00e9n interesados en inscribirse s\u00f3lo deben entrar a la p\u00e1gina web de la UPAV para conocer sobre los requisitos y las opciones disponibles para continuar con sus estudios.<\/p>\n","protected":false},"excerpt":{"rendered":"<p>Visitas: 2 Est\u00e1n a la alza las inscripciones de alumnos a las diferentes opciones que ofrece la Universidad Popular Aut\u00f3noma de Veracruz (UPAV), reconoce el coordinador regional de esta instituci\u00f3n educativa, Marco Antonio Guerrero Ju\u00e1rez.<\/p>\n","protected":false},"author":1,"featured_media":0,"comment_status":"open","ping_status":"open","sticky":false,"template":"","format":"standard","meta":{"footnotes":""},"categories":[216],"tags":[],"class_list":{"0":"post-170872","1":"post","2":"type-post","3":"status-publish","4":"format-standard","6":"category-coatzintla"},"nelio_content":{"isAutoShareEnabled":true,"autoShareEndMode":"never","automationSources":{"useCustomSentences":false,"customSentences":[]},"followers":[],"suggestedReferences":[],"efiUrl":"","efiAlt":"","highlights":[],"permalinkQueryArgs":[],"series":[]},"_links":{"self":[{"href":"https:\/\/www.enteratever.com\/2023\/wp-json\/wp\/v2\/posts\/170872","targetHints":{"allow":["GET"]}}],"collection":[{"href":"https:\/\/www.enteratever.com\/2023\/wp-json\/wp\/v2\/posts"}],"about":[{"href":"https:\/\/www.enteratever.com\/2023\/wp-json\/wp\/v2\/types\/post"}],"author":[{"embeddable":true,"href":"https:\/\/www.enteratever.com\/2023\/wp-json\/wp\/v2\/users\/1"}],"replies":[{"embeddable":true,"href":"https:\/\/www.enteratever.com\/2023\/wp-json\/wp\/v2\/comments?post=170872"}],"version-history":[{"count":0,"href":"https:\/\/www.enteratever.com\/2023\/wp-json\/wp\/v2\/posts\/170872\/revisions"}],"wp:attachment":[{"href":"https:\/\/www.enteratever.com\/2023\/wp-json\/wp\/v2\/media?parent=170872"}],"wp:term":[{"taxonomy":"category","embeddable":true,"href":"https:\/\/www.enteratever.com\/2023\/wp-json\/wp\/v2\/categories?post=170872"},{"taxonomy":"post_tag","embeddable":true,"href":"https:\/\/www.enteratever.com\/2023\/wp-json\/wp\/v2\/tags?post=170872"}],"curies":[{"name":"wp","href":"https:\/\/api.w.org\/{rel}","templated":true}]}}