{"id":170869,"date":"2014-04-03T00:30:31","date_gmt":"2014-04-03T00:30:31","guid":{"rendered":"https:\/\/www.enteratever.com\/2023\/se-unen-en-el-dia-del-autismo\/"},"modified":"2014-04-03T00:30:31","modified_gmt":"2014-04-03T00:30:31","slug":"se-unen-en-el-dia-del-autismo","status":"publish","type":"post","link":"https:\/\/www.enteratever.com\/2023\/2014\/04\/03\/se-unen-en-el-dia-del-autismo\/","title":{"rendered":"Se unen en el d\u00eda del autismo"},"content":{"rendered":"<p>Visitas: 2<\/p><figure id=\"attachment_45777\" aria-describedby=\"caption-attachment-45777\" style=\"width: 660px\" class=\"wp-caption aligncenter\"><a href=\"http:\/\/www.enteratever.com\/wp-content\/uploads\/2014\/04\/IMG_93681.jpg\"><img loading=\"lazy\" decoding=\"async\" class=\"size-full wp-image-45777\" alt=\"Se unen en el d\u00eda del autismo\" src=\"http:\/\/www.enteratever.com\/wp-content\/uploads\/2014\/04\/IMG_93681.jpg\" width=\"660\" height=\"440\" \/><\/a><figcaption id=\"caption-attachment-45777\" class=\"wp-caption-text\">Se unen en el d\u00eda del autismo<\/figcaption><\/figure>\n<p style=\"text-align: justify\">Coatzintla.- La tarde del mi\u00e9rcoles, asociaciones coatzintecas Danitos y UOP se reunieron en el parque Mario Fabio Altamirano realizando talleres para el p\u00fablico en general, con la finalidad de hacer conciencia en el d\u00eda Internacional del autismo.<!--more--><\/p>\n<p style=\"text-align: justify\">De acuerdo con la presidenta de la Fundaci\u00f3n Danitos Gloria Ivett Licona Mart\u00ednez, se\u00f1ala que como cada a\u00f1o, se realizan actividades con el objetivo de concientizar a la poblaci\u00f3n, a p\u00fablico abierto para mostrar talleres que se aplican a ni\u00f1os con autismo.<\/p>\n<figure id=\"attachment_45776\" aria-describedby=\"caption-attachment-45776\" style=\"width: 660px\" class=\"wp-caption aligncenter\"><a href=\"http:\/\/www.enteratever.com\/wp-content\/uploads\/2014\/04\/IMG_93631.jpg\"><img loading=\"lazy\" decoding=\"async\" class=\"size-full wp-image-45776\" alt=\"Se unen en el d\u00eda del autismo\" src=\"http:\/\/www.enteratever.com\/wp-content\/uploads\/2014\/04\/IMG_93631.jpg\" width=\"660\" height=\"440\" \/><\/a><figcaption id=\"caption-attachment-45776\" class=\"wp-caption-text\">Se unen en el d\u00eda del autismo<\/figcaption><\/figure>\n<p style=\"text-align: justify\">Familiares de ni\u00f1os que se encuentran dentro de la fundaci\u00f3n, realizaron talleres como son papiroflexia, as\u00ed como realizaci\u00f3n de mu\u00f1ecos con medias, pinta caritas, as\u00ed como la presentaci\u00f3n de robot Nao; que se aplica en ni\u00f1os con autismo.<\/p>\n<p style=\"text-align: justify\">Participaron grupos de zumba, posteriormente elevaron globos de helio que dentro llevaron un mensaje positivo, continuaron con la proyecci\u00f3n de globos de cantoya concluyendo con la iluminaci\u00f3n de color azul, del arco del parque.<\/p>\n<p style=\"text-align: justify\">Aseguro que actualmente asisten a Danitos 63 ni\u00f1os con autismo, cada d\u00eda llega uno m\u00e1s ; tratando con ni\u00f1os de Tuxpan, \u00c1lamo, Poza Rica, Coatzintla y de Reynosa, Tamaulipas.<\/p>\n<figure id=\"attachment_45775\" aria-describedby=\"caption-attachment-45775\" style=\"width: 660px\" class=\"wp-caption aligncenter\"><a href=\"http:\/\/www.enteratever.com\/wp-content\/uploads\/2014\/04\/IMG_93601.jpg\"><img loading=\"lazy\" decoding=\"async\" class=\"size-full wp-image-45775\" alt=\"Se unen en el d\u00eda del autismo\" src=\"http:\/\/www.enteratever.com\/wp-content\/uploads\/2014\/04\/IMG_93601.jpg\" width=\"660\" height=\"440\" \/><\/a><figcaption id=\"caption-attachment-45775\" class=\"wp-caption-text\">Se unen en el d\u00eda del autismo<\/figcaption><\/figure>\n<p style=\"text-align: justify\">Asevero que se realizan estas actividades con la finalidad que la sociedad en general se unan en actividades en asociaciones civiles, \u201c el cambio de transformar esta en nosotros, estamos trabajando con el redondeo trabajando; necesitamos apoyo econ\u00f3mico, tenemos el lema de que siempre abra una luz\u201d dijo.<\/p>\n<p style=\"text-align: justify\">Por otro lado agrego que se firmo en Xalapa convenio de colaboraci\u00f3n con la CNDH; dicho pacto consiste en pugnar por los derechos humanos de los ni\u00f1os, ni\u00f1as y adolescentes con necesidades especiales.<\/p>\n\n","protected":false},"excerpt":{"rendered":"<p>Visitas: 2Coatzintla.- La tarde del mi\u00e9rcoles, asociaciones coatzintecas Danitos y UOP se reunieron en el parque Mario Fabio Altamirano realizando talleres para el p\u00fablico en general, con la finalidad de hacer conciencia en el d\u00eda Internacional del autismo.<\/p>\n","protected":false},"author":1,"featured_media":0,"comment_status":"open","ping_status":"open","sticky":false,"template":"","format":"standard","meta":{"footnotes":""},"categories":[216],"tags":[],"class_list":{"0":"post-170869","1":"post","2":"type-post","3":"status-publish","4":"format-standard","6":"category-coatzintla"},"nelio_content":{"isAutoShareEnabled":true,"autoShareEndMode":"never","automationSources":{"useCustomSentences":false,"customSentences":[]},"followers":[],"suggestedReferences":[],"efiUrl":"","efiAlt":"","highlights":[],"permalinkQueryArgs":[],"series":[]},"_links":{"self":[{"href":"https:\/\/www.enteratever.com\/2023\/wp-json\/wp\/v2\/posts\/170869","targetHints":{"allow":["GET"]}}],"collection":[{"href":"https:\/\/www.enteratever.com\/2023\/wp-json\/wp\/v2\/posts"}],"about":[{"href":"https:\/\/www.enteratever.com\/2023\/wp-json\/wp\/v2\/types\/post"}],"author":[{"embeddable":true,"href":"https:\/\/www.enteratever.com\/2023\/wp-json\/wp\/v2\/users\/1"}],"replies":[{"embeddable":true,"href":"https:\/\/www.enteratever.com\/2023\/wp-json\/wp\/v2\/comments?post=170869"}],"version-history":[{"count":0,"href":"https:\/\/www.enteratever.com\/2023\/wp-json\/wp\/v2\/posts\/170869\/revisions"}],"wp:attachment":[{"href":"https:\/\/www.enteratever.com\/2023\/wp-json\/wp\/v2\/media?parent=170869"}],"wp:term":[{"taxonomy":"category","embeddable":true,"href":"https:\/\/www.enteratever.com\/2023\/wp-json\/wp\/v2\/categories?post=170869"},{"taxonomy":"post_tag","embeddable":true,"href":"https:\/\/www.enteratever.com\/2023\/wp-json\/wp\/v2\/tags?post=170869"}],"curies":[{"name":"wp","href":"https:\/\/api.w.org\/{rel}","templated":true}]}}