{"id":170867,"date":"2014-04-03T00:06:25","date_gmt":"2014-04-03T00:06:25","guid":{"rendered":"https:\/\/www.enteratever.com\/2023\/busca-uop-trato-incluyente-a-ninos-con-autismo\/"},"modified":"2014-04-03T00:06:25","modified_gmt":"2014-04-03T00:06:25","slug":"busca-uop-trato-incluyente-a-ninos-con-autismo","status":"publish","type":"post","link":"https:\/\/www.enteratever.com\/2023\/2014\/04\/03\/busca-uop-trato-incluyente-a-ninos-con-autismo\/","title":{"rendered":"Busca UOP trato incluyente a ni\u00f1os con autismo"},"content":{"rendered":"<p>Visitas: 2<\/p><figure id=\"attachment_45757\" aria-describedby=\"caption-attachment-45757\" style=\"width: 660px\" class=\"wp-caption aligncenter\"><a href=\"http:\/\/www.enteratever.com\/wp-content\/uploads\/2014\/04\/UOP-2.jpg\"><img loading=\"lazy\" decoding=\"async\" class=\"size-full wp-image-45757\" alt=\"Busca UOP trato incluyente a ni\u00f1os con autismo\" src=\"http:\/\/www.enteratever.com\/wp-content\/uploads\/2014\/04\/UOP-2.jpg\" width=\"660\" height=\"440\" \/><\/a><figcaption id=\"caption-attachment-45757\" class=\"wp-caption-text\">Busca UOP trato incluyente a ni\u00f1os con autismo<\/figcaption><\/figure>\n<p style=\"text-align: justify\">Coatzintla.- Con motivo del d\u00eda internacional de las personas con autismo, Nelly Torres, asesora de la Unidad de Orientaci\u00f3n al P\u00fablico, realiz\u00f3 una exposici\u00f3n fotogr\u00e1fica denominada \u201cAutismo un enfoque incluyente\u201d, en presencia de Teresa De Jes\u00fas C\u00e1rdenas Torres, Supervisora de Zona 18 De Educaci\u00f3n Especial.<!--more--><\/p>\n<p style=\"text-align: justify\">De acuerdo con la directora, Miriam Salas Arellano dichas fotograf\u00edas se realizaron con la finalidad de demostrarle a la sociedad la otra cara del autismo, \u201cqueremos que la gente se vaya informando y sobre todo se sensibilice\u201d dijo.<\/p>\n<p style=\"text-align: justify\">Por su parte Nelly Torres asesora en el autismo en la UOP, menciona que son 10 fotos y cuatro lonas del camp 3 y 21, de ni\u00f1os que atienden de la escuela Roberto Mancisidor Vi\u00f1as.<\/p>\n<p style=\"text-align: justify\">En la exposici\u00f3n denominada \u201cAutismo un enfoque incluyente\u201d tratan que las fotos vean la parte bella del autismo, esa parte bella del ser humano de la persona, que a pesar de que se enfrentan con muchas cosas ellos sienten as\u00ed como tienen derechos a ser respetados, y como sociedad nos tenemos que ir sensibilizando, afirm\u00f3.<\/p>\n<p style=\"text-align: justify\">Dicha exposici\u00f3n estar\u00e1 del 2 al 8 de abril en Casa de Cultura \u201cVis\u00edtenos porque todos juntos formamos un mundo inclusivo\u201d agreg\u00f3.<\/p>\n<p style=\"text-align: justify\">As\u00ed mismo se dijo Salas Arellano estar agradecida por el apoyo del ayuntamiento ya que la instituci\u00f3n no cuenta con muchos recursos estamos agradeci\u00e9ndole al alcalde, Cesar Ulises Garc\u00eda V\u00e1zquez, para que se realizar dicho evento.<\/p>\n<p style=\"text-align: justify\">Por otro lado, la tarde de ayer instalaron un m\u00f3dulo de informaci\u00f3n acerca de este s\u00edndrome, de igual manera desarrollaron actividades con ni\u00f1os de la instituci\u00f3n, mientras que el d\u00eda viernes realizar\u00e1n una proyecci\u00f3n de cortometrajes, para desarrollar competencias sobre el autismo finaliz\u00f3.<\/p>\n<p style=\"text-align: justify\">S\u00edguenos en\u00a0<strong><a title=\"Twitter de Kattia Vera\" href=\"https:\/\/twitter.com\/kattvera\" target=\"_blank\" rel=\"noopener\">@kattvera<\/a>\u00a0<\/strong>en Twitter y @enteratevercom para toda la noticias de Poza Rica y la regi\u00f3n.<\/p>\n<p style=\"text-align: justify\"><strong>Galer\u00eda<\/strong><\/p>\n\n","protected":false},"excerpt":{"rendered":"<p>Visitas: 2 Coatzintla.- Con motivo del d\u00eda internacional de las personas con autismo, Nelly Torres, asesora de la Unidad de Orientaci\u00f3n al P\u00fablico, realiz\u00f3 una exposici\u00f3n fotogr\u00e1fica denominada \u201cAutismo un enfoque incluyente\u201d, en presencia de Teresa De Jes\u00fas C\u00e1rdenas Torres, Supervisora de Zona 18 De Educaci\u00f3n Especial.<\/p>\n","protected":false},"author":1,"featured_media":0,"comment_status":"open","ping_status":"open","sticky":false,"template":"","format":"standard","meta":{"footnotes":""},"categories":[216],"tags":[],"class_list":{"0":"post-170867","1":"post","2":"type-post","3":"status-publish","4":"format-standard","6":"category-coatzintla"},"nelio_content":{"isAutoShareEnabled":true,"autoShareEndMode":"never","automationSources":{"useCustomSentences":false,"customSentences":[]},"followers":[],"suggestedReferences":[],"efiUrl":"","efiAlt":"","highlights":[],"permalinkQueryArgs":[],"series":[]},"_links":{"self":[{"href":"https:\/\/www.enteratever.com\/2023\/wp-json\/wp\/v2\/posts\/170867","targetHints":{"allow":["GET"]}}],"collection":[{"href":"https:\/\/www.enteratever.com\/2023\/wp-json\/wp\/v2\/posts"}],"about":[{"href":"https:\/\/www.enteratever.com\/2023\/wp-json\/wp\/v2\/types\/post"}],"author":[{"embeddable":true,"href":"https:\/\/www.enteratever.com\/2023\/wp-json\/wp\/v2\/users\/1"}],"replies":[{"embeddable":true,"href":"https:\/\/www.enteratever.com\/2023\/wp-json\/wp\/v2\/comments?post=170867"}],"version-history":[{"count":0,"href":"https:\/\/www.enteratever.com\/2023\/wp-json\/wp\/v2\/posts\/170867\/revisions"}],"wp:attachment":[{"href":"https:\/\/www.enteratever.com\/2023\/wp-json\/wp\/v2\/media?parent=170867"}],"wp:term":[{"taxonomy":"category","embeddable":true,"href":"https:\/\/www.enteratever.com\/2023\/wp-json\/wp\/v2\/categories?post=170867"},{"taxonomy":"post_tag","embeddable":true,"href":"https:\/\/www.enteratever.com\/2023\/wp-json\/wp\/v2\/tags?post=170867"}],"curies":[{"name":"wp","href":"https:\/\/api.w.org\/{rel}","templated":true}]}}