{"id":170859,"date":"2014-03-31T23:11:04","date_gmt":"2014-03-31T23:11:04","guid":{"rendered":"https:\/\/www.enteratever.com\/2023\/hacen-conciencia-sobre-autismo\/"},"modified":"2014-03-31T23:11:04","modified_gmt":"2014-03-31T23:11:04","slug":"hacen-conciencia-sobre-autismo","status":"publish","type":"post","link":"https:\/\/www.enteratever.com\/2023\/2014\/03\/31\/hacen-conciencia-sobre-autismo\/","title":{"rendered":"Hacen conciencia sobre autismo"},"content":{"rendered":"<p>Visitas: 2<\/p><figure id=\"attachment_45106\" aria-describedby=\"caption-attachment-45106\" style=\"width: 587px\" class=\"wp-caption aligncenter\"><a href=\"http:\/\/www.enteratever.com\/wp-content\/uploads\/2014\/03\/Jovenes-del-COBAEV-32-elevaron-los-papalotes-azules-1.jpg\"><img loading=\"lazy\" decoding=\"async\" class=\"size-full wp-image-45106\" alt=\"Hacen conciencia sobre autismo\" src=\"http:\/\/www.enteratever.com\/wp-content\/uploads\/2014\/03\/Jovenes-del-COBAEV-32-elevaron-los-papalotes-azules-1.jpg\" width=\"587\" height=\"440\" \/><\/a><figcaption id=\"caption-attachment-45106\" class=\"wp-caption-text\">Hacen conciencia sobre autismo<\/figcaption><\/figure>\n<p style=\"text-align: justify\">Coatzintla.- Estudiantes del Colegio de Bachilleres del Estado de Veracruz, COBAEV 32 y de la primaria Luis Ladr\u00f3n de Guevara, elevaron papalotes de color azul para conmemorar el D\u00eda Internacional de la Concientizaci\u00f3n sobre el Autismo.<!--more--><\/p>\n<p style=\"text-align: justify\">En ese sentido la alumna del Cobaev 32, Mariela Medina, dijo que esta celebraci\u00f3n protocolaria es una llamada de atenci\u00f3n en presencia de las autoridades municipales, los alumnos de los planteles hicieron una rese\u00f1a hist\u00f3rica sobre ese trastorno del comportamiento que afecta a ni\u00f1os y lanzaron convocatorias a la poblaci\u00f3n en general para que conozca sobre el tema.<\/p>\n<p style=\"text-align: justify\">\u201cEl d\u00eda Mundial de Concientizaci\u00f3n sobre el autismo no tiene por \u00fanico objeto generar comprensi\u00f3n, es una llamada a la acci\u00f3n, insta a todas las partes interesadas a participar en la promoci\u00f3n de los avances, prestando apoyos a los programas de educaci\u00f3n, oportunidades de empleo y otras medidas que ayuden a hacer realidad nuestro ideal com\u00fan de un mundo m\u00e1s inclusivo\u201d se\u00f1al\u00f3.<\/p>\n<p style=\"text-align: justify\">La directora de la Unidad de Orientaci\u00f3n al P\u00fablico (UOP-Coatzintla), Miriam Salas Arellanos, destac\u00f3 que con estas acciones se pretende tambi\u00e9n promover los derechos de las personas con autismo y que la gente entienda qu\u00e9 es.<\/p>\n<p style=\"text-align: justify\">Afirm\u00f3 que no es una enfermedad, mencion\u00f3 que normalmente los tratan como enfermos o que tienen una discapacidad intelectual, lo cual no es verdad.<\/p>\n<p style=\"text-align: justify\">Menciona que \u201cpiensan en un autista y piensas en alguien callado, aislado y estamos tratando de informar a la comunidad para que sepan que pueden tener muchos logros si se le brindan los apoyos necesarios\u201d.<\/p>\n<p style=\"text-align: justify\">Dijo que en Coatzintla se ha detectado cinco casos en escuelas primarias y preescolares. En ese rengl\u00f3n felicit\u00f3 a los docentes coatzintecos por su apertura a la diversidad y por hacer un esfuerzo para aceptar en sus aulas a ni\u00f1os con autismo.<\/p>\n<p style=\"text-align: justify\">Asimismo el d\u00eda 2 de abril, se llevar\u00e1 a cabo la exposici\u00f3n fotogr\u00e1fica \u201cla Otra Cara del Autismo\u201d que va a permanecer en la Casa de Cultura de Coatzintla hasta el 8 de abril.<\/p>\n<p style=\"text-align: justify\">En el evento estuvo presente la s\u00edndico, Lorena L\u00f3pez Vel\u00e1zquez, los regidores primero, segundo y tercero, Aldo Ren\u00e9 Herrera D\u00edaz, Jaime Vel\u00e1zquez P\u00e9rez y Jes\u00fas Monter Rodr\u00edguez, respectivamente, as\u00ed como tambi\u00e9n estudiantes de la primaria \u201cLuis Ladr\u00f3n de Guevara\u201d y del COBAEV 32.<\/p>\n","protected":false},"excerpt":{"rendered":"<p>Visitas: 2Coatzintla.- Estudiantes del Colegio de Bachilleres del Estado de Veracruz, COBAEV 32 y de la primaria Luis Ladr\u00f3n de Guevara, elevaron papalotes de color azul para conmemorar el D\u00eda Internacional de la Concientizaci\u00f3n sobre el Autismo.<\/p>\n","protected":false},"author":1,"featured_media":0,"comment_status":"open","ping_status":"open","sticky":false,"template":"","format":"standard","meta":{"footnotes":""},"categories":[216],"tags":[],"class_list":{"0":"post-170859","1":"post","2":"type-post","3":"status-publish","4":"format-standard","6":"category-coatzintla"},"nelio_content":{"isAutoShareEnabled":true,"autoShareEndMode":"never","automationSources":{"useCustomSentences":false,"customSentences":[]},"followers":[],"suggestedReferences":[],"efiUrl":"","efiAlt":"","highlights":[],"permalinkQueryArgs":[],"series":[]},"_links":{"self":[{"href":"https:\/\/www.enteratever.com\/2023\/wp-json\/wp\/v2\/posts\/170859","targetHints":{"allow":["GET"]}}],"collection":[{"href":"https:\/\/www.enteratever.com\/2023\/wp-json\/wp\/v2\/posts"}],"about":[{"href":"https:\/\/www.enteratever.com\/2023\/wp-json\/wp\/v2\/types\/post"}],"author":[{"embeddable":true,"href":"https:\/\/www.enteratever.com\/2023\/wp-json\/wp\/v2\/users\/1"}],"replies":[{"embeddable":true,"href":"https:\/\/www.enteratever.com\/2023\/wp-json\/wp\/v2\/comments?post=170859"}],"version-history":[{"count":0,"href":"https:\/\/www.enteratever.com\/2023\/wp-json\/wp\/v2\/posts\/170859\/revisions"}],"wp:attachment":[{"href":"https:\/\/www.enteratever.com\/2023\/wp-json\/wp\/v2\/media?parent=170859"}],"wp:term":[{"taxonomy":"category","embeddable":true,"href":"https:\/\/www.enteratever.com\/2023\/wp-json\/wp\/v2\/categories?post=170859"},{"taxonomy":"post_tag","embeddable":true,"href":"https:\/\/www.enteratever.com\/2023\/wp-json\/wp\/v2\/tags?post=170859"}],"curies":[{"name":"wp","href":"https:\/\/api.w.org\/{rel}","templated":true}]}}