{"id":170858,"date":"2014-03-31T04:17:13","date_gmt":"2014-03-31T04:17:13","guid":{"rendered":"https:\/\/www.enteratever.com\/2023\/convocan-a-ejidatarios\/"},"modified":"2014-03-31T04:17:13","modified_gmt":"2014-03-31T04:17:13","slug":"convocan-a-ejidatarios","status":"publish","type":"post","link":"https:\/\/www.enteratever.com\/2023\/2014\/03\/31\/convocan-a-ejidatarios\/","title":{"rendered":"Convocan a ejidatarios"},"content":{"rendered":"<p>Visitas: 2<\/p><figure id=\"attachment_44862\" aria-describedby=\"caption-attachment-44862\" style=\"width: 660px\" class=\"wp-caption aligncenter\"><a href=\"http:\/\/www.enteratever.com\/wp-content\/uploads\/2014\/03\/camp.jpg\"><img loading=\"lazy\" decoding=\"async\" class=\"size-full wp-image-44862\" alt=\"Convocan a ejidatarios\" src=\"http:\/\/www.enteratever.com\/wp-content\/uploads\/2014\/03\/camp.jpg\" width=\"660\" height=\"440\" \/><\/a><figcaption id=\"caption-attachment-44862\" class=\"wp-caption-text\">Convocan a ejidatarios<\/figcaption><\/figure>\n<p style=\"text-align: justify\">Coatrzintla.- Convocan a coatzintecos a la asamblea de verificaci\u00f3n el d\u00eda 6 de abril en la casa ejidal para tratar asuntos internos.<!--more--><\/p>\n<p style=\"text-align: justify\">Comisario ejidal Porfirio Ortiz Garcia, hace un llamado a ejidatarios coatzintecos \u00a0que cuenten con derechos legalmente reconocidos en el ejido, a una asamblea.<\/p>\n<p style=\"text-align: justify\">Dicha asamblea consistir\u00e1\u00a0 en una serie de actividades en las cuales, tomaran asistencia, realizar\u00e1n de igual manera verificaci\u00f3n del qu\u00f3rum legal e instalaci\u00f3n de la asamblea.<\/p>\n<p style=\"text-align: justify\">As\u00ed mismo se realizar\u00e1\u00a0 un informe del actual comisario ejidal, y asuntos generales de su inter\u00e9s particular.<\/p>\n<p style=\"text-align: justify\">Finalizando con una clausura de asamblea y levantamiento de acta, para registrar los acuerdos a los cuales llegaron, para el beneficio de todos los ejidatarios coatzintecos.<\/p>\n","protected":false},"excerpt":{"rendered":"<p>Visitas: 2Coatrzintla.- Convocan a coatzintecos a la asamblea de verificaci\u00f3n el d\u00eda 6 de abril en la casa ejidal para tratar asuntos internos.<\/p>\n","protected":false},"author":1,"featured_media":0,"comment_status":"open","ping_status":"open","sticky":false,"template":"","format":"standard","meta":{"footnotes":""},"categories":[216],"tags":[],"class_list":{"0":"post-170858","1":"post","2":"type-post","3":"status-publish","4":"format-standard","6":"category-coatzintla"},"nelio_content":{"isAutoShareEnabled":true,"autoShareEndMode":"never","automationSources":{"useCustomSentences":false,"customSentences":[]},"followers":[],"suggestedReferences":[],"efiUrl":"","efiAlt":"","highlights":[],"permalinkQueryArgs":[],"series":[]},"_links":{"self":[{"href":"https:\/\/www.enteratever.com\/2023\/wp-json\/wp\/v2\/posts\/170858","targetHints":{"allow":["GET"]}}],"collection":[{"href":"https:\/\/www.enteratever.com\/2023\/wp-json\/wp\/v2\/posts"}],"about":[{"href":"https:\/\/www.enteratever.com\/2023\/wp-json\/wp\/v2\/types\/post"}],"author":[{"embeddable":true,"href":"https:\/\/www.enteratever.com\/2023\/wp-json\/wp\/v2\/users\/1"}],"replies":[{"embeddable":true,"href":"https:\/\/www.enteratever.com\/2023\/wp-json\/wp\/v2\/comments?post=170858"}],"version-history":[{"count":0,"href":"https:\/\/www.enteratever.com\/2023\/wp-json\/wp\/v2\/posts\/170858\/revisions"}],"wp:attachment":[{"href":"https:\/\/www.enteratever.com\/2023\/wp-json\/wp\/v2\/media?parent=170858"}],"wp:term":[{"taxonomy":"category","embeddable":true,"href":"https:\/\/www.enteratever.com\/2023\/wp-json\/wp\/v2\/categories?post=170858"},{"taxonomy":"post_tag","embeddable":true,"href":"https:\/\/www.enteratever.com\/2023\/wp-json\/wp\/v2\/tags?post=170858"}],"curies":[{"name":"wp","href":"https:\/\/api.w.org\/{rel}","templated":true}]}}