{"id":170853,"date":"2014-03-29T01:37:35","date_gmt":"2014-03-29T01:37:35","guid":{"rendered":"https:\/\/www.enteratever.com\/2023\/desconocen-biblioteca\/"},"modified":"2014-03-29T01:37:35","modified_gmt":"2014-03-29T01:37:35","slug":"desconocen-biblioteca","status":"publish","type":"post","link":"https:\/\/www.enteratever.com\/2023\/2014\/03\/29\/desconocen-biblioteca\/","title":{"rendered":"Desconocen biblioteca"},"content":{"rendered":"<p>Visitas: 2<\/p><figure id=\"attachment_44438\" aria-describedby=\"caption-attachment-44438\" style=\"width: 660px\" class=\"wp-caption aligncenter\"><a href=\"http:\/\/www.enteratever.com\/wp-content\/uploads\/2014\/03\/IMG_8732.jpg\"><img loading=\"lazy\" decoding=\"async\" class=\"size-full wp-image-44438\" alt=\"Desconocen biblioteca\" src=\"http:\/\/www.enteratever.com\/wp-content\/uploads\/2014\/03\/IMG_8732.jpg\" width=\"660\" height=\"440\" \/><\/a><figcaption id=\"caption-attachment-44438\" class=\"wp-caption-text\">Desconocen biblioteca<\/figcaption><\/figure>\n<p style=\"text-align: justify\">Coatzintla.- Una de las dos bibliotecas en el municipio de Coatzintla realiza actividades que se encuentran efectuando para una mejor promoci\u00f3n, mencion\u00f3 el encargado Juan Carlos Meneses Ortega.<!--more--><\/p>\n<p style=\"text-align: justify\">Afirmo que el objetivo es incentivar a los ni\u00f1os y que conozcan los servicios que se ofrecen, debido a que desconocen que existe una biblioteca en la cabecera municipal.<\/p>\n<p style=\"text-align: justify\">Menciona que se encuentran realizando Campa\u00f1as de Visitas Guiadas, en las cuales alumnos de nivel primaria, realizan actividades a cargo de Jaime Noriega, qu\u00edmico el cual proporciona talleres con un microscopio.<\/p>\n<p style=\"text-align: justify\">Agreg\u00f3 que de igual manera trabajan en conjunto con el DIF municipal; preparando actividades para ni\u00f1os de los CAIC, Casa de Cultura y Clavijero.<\/p>\n<p style=\"text-align: justify\">En lo que va del a\u00f1o cuatro grupos de ni\u00f1os a nivel primaria han asistido a realizar actividades, retroaliment\u00e1ndose con talleres que se proporcionan en Casa de Cultura finaliz\u00f3.<\/p>\n","protected":false},"excerpt":{"rendered":"<p>Visitas: 2Coatzintla.- Una de las dos bibliotecas en el municipio de Coatzintla realiza actividades que se encuentran efectuando para una mejor promoci\u00f3n, mencion\u00f3 el encargado Juan Carlos Meneses Ortega.<\/p>\n","protected":false},"author":1,"featured_media":0,"comment_status":"open","ping_status":"open","sticky":false,"template":"","format":"standard","meta":{"footnotes":""},"categories":[216],"tags":[],"class_list":{"0":"post-170853","1":"post","2":"type-post","3":"status-publish","4":"format-standard","6":"category-coatzintla"},"nelio_content":{"isAutoShareEnabled":true,"autoShareEndMode":"never","automationSources":{"useCustomSentences":false,"customSentences":[]},"followers":[],"suggestedReferences":[],"efiUrl":"","efiAlt":"","highlights":[],"permalinkQueryArgs":[],"series":[]},"_links":{"self":[{"href":"https:\/\/www.enteratever.com\/2023\/wp-json\/wp\/v2\/posts\/170853","targetHints":{"allow":["GET"]}}],"collection":[{"href":"https:\/\/www.enteratever.com\/2023\/wp-json\/wp\/v2\/posts"}],"about":[{"href":"https:\/\/www.enteratever.com\/2023\/wp-json\/wp\/v2\/types\/post"}],"author":[{"embeddable":true,"href":"https:\/\/www.enteratever.com\/2023\/wp-json\/wp\/v2\/users\/1"}],"replies":[{"embeddable":true,"href":"https:\/\/www.enteratever.com\/2023\/wp-json\/wp\/v2\/comments?post=170853"}],"version-history":[{"count":0,"href":"https:\/\/www.enteratever.com\/2023\/wp-json\/wp\/v2\/posts\/170853\/revisions"}],"wp:attachment":[{"href":"https:\/\/www.enteratever.com\/2023\/wp-json\/wp\/v2\/media?parent=170853"}],"wp:term":[{"taxonomy":"category","embeddable":true,"href":"https:\/\/www.enteratever.com\/2023\/wp-json\/wp\/v2\/categories?post=170853"},{"taxonomy":"post_tag","embeddable":true,"href":"https:\/\/www.enteratever.com\/2023\/wp-json\/wp\/v2\/tags?post=170853"}],"curies":[{"name":"wp","href":"https:\/\/api.w.org\/{rel}","templated":true}]}}