{"id":170840,"date":"2014-03-25T02:13:23","date_gmt":"2014-03-25T02:13:23","guid":{"rendered":"https:\/\/www.enteratever.com\/2023\/entrega-dif-apoyos-funcionales\/"},"modified":"2014-03-25T02:13:23","modified_gmt":"2014-03-25T02:13:23","slug":"entrega-dif-apoyos-funcionales","status":"publish","type":"post","link":"https:\/\/www.enteratever.com\/2023\/2014\/03\/25\/entrega-dif-apoyos-funcionales\/","title":{"rendered":"Entrega DIF apoyos funcionales"},"content":{"rendered":"<p>Visitas: 2<\/p><figure id=\"attachment_43019\" aria-describedby=\"caption-attachment-43019\" style=\"width: 587px\" class=\"wp-caption aligncenter\"><a href=\"http:\/\/www.enteratever.com\/wp-content\/uploads\/2014\/03\/RECIBIO-SUS-llantas-persona-discapacitada.jpg\"><img loading=\"lazy\" decoding=\"async\" class=\"size-full wp-image-43019\" alt=\"Entrega DIF apoyos funcionales\" src=\"http:\/\/www.enteratever.com\/wp-content\/uploads\/2014\/03\/RECIBIO-SUS-llantas-persona-discapacitada.jpg\" width=\"587\" height=\"440\" \/><\/a><figcaption id=\"caption-attachment-43019\" class=\"wp-caption-text\">Entrega DIF apoyos funcionales<\/figcaption><\/figure>\n<p style=\"text-align: justify\">El sistema DIF municipal entreg\u00f3 a una persona discapacitada dos llantas que le servir\u00e1n para sustituir los neum\u00e1ticos de su silla de ruedas.<!--more--><\/p>\n<p style=\"text-align: justify\">Luego de recibir el apoyo, Juan Enrique Becerril Hern\u00e1ndez, dijo que representan un aliciente muy importante porque le permitir\u00e1n desempe\u00f1ar mejor su trabajo, pues a pesar de que no puede caminar, sale a vender dulces y pepitos.<\/p>\n<p style=\"text-align: justify\">\u201cMe entregan llantas para mi silla, de 24 por 2, fue tardado pero lleg\u00f3. Significa mucho, porque con \u00e9stas trabajo, con las llantas\u2026 como vendo dulces y pepitos, a eso me dedico. Vivo aqu\u00ed en la Ruiz, tengo 56 a\u00f1os\u201d.<\/p>\n<p style=\"text-align: justify\">Juan Enrique mencion\u00f3 que padece de diabetes raz\u00f3n por la que le fueron amputadas las piernas y un dedo de la mano, por lo que su situaci\u00f3n de salud es delicada.<\/p>\n<p style=\"text-align: justify\">A pesar de eso sale todos los d\u00edas a trabajar y con optimismo dice que si hace sol sale a vender pepitos y dulces.<\/p>\n<p style=\"text-align: justify\">Los apoyos fueron entregados por la doctora Hayd\u00e9 Reyes Garc\u00eda, m\u00e9dico general del DIF y Blanca Lucila Ulloa Mart\u00ednez, coordinadora de apoyos funcionales del DIF municipal.<\/p>\n","protected":false},"excerpt":{"rendered":"<p>Visitas: 2El sistema DIF municipal entreg\u00f3 a una persona discapacitada dos llantas que le servir\u00e1n para sustituir los neum\u00e1ticos de su silla de ruedas.<\/p>\n","protected":false},"author":2,"featured_media":0,"comment_status":"open","ping_status":"open","sticky":false,"template":"","format":"standard","meta":{"footnotes":""},"categories":[216],"tags":[],"class_list":{"0":"post-170840","1":"post","2":"type-post","3":"status-publish","4":"format-standard","6":"category-coatzintla"},"nelio_content":{"isAutoShareEnabled":true,"autoShareEndMode":"never","automationSources":{"useCustomSentences":false,"customSentences":[]},"followers":[],"suggestedReferences":[],"efiUrl":"","efiAlt":"","highlights":[],"permalinkQueryArgs":[],"series":[]},"_links":{"self":[{"href":"https:\/\/www.enteratever.com\/2023\/wp-json\/wp\/v2\/posts\/170840","targetHints":{"allow":["GET"]}}],"collection":[{"href":"https:\/\/www.enteratever.com\/2023\/wp-json\/wp\/v2\/posts"}],"about":[{"href":"https:\/\/www.enteratever.com\/2023\/wp-json\/wp\/v2\/types\/post"}],"author":[{"embeddable":true,"href":"https:\/\/www.enteratever.com\/2023\/wp-json\/wp\/v2\/users\/2"}],"replies":[{"embeddable":true,"href":"https:\/\/www.enteratever.com\/2023\/wp-json\/wp\/v2\/comments?post=170840"}],"version-history":[{"count":0,"href":"https:\/\/www.enteratever.com\/2023\/wp-json\/wp\/v2\/posts\/170840\/revisions"}],"wp:attachment":[{"href":"https:\/\/www.enteratever.com\/2023\/wp-json\/wp\/v2\/media?parent=170840"}],"wp:term":[{"taxonomy":"category","embeddable":true,"href":"https:\/\/www.enteratever.com\/2023\/wp-json\/wp\/v2\/categories?post=170840"},{"taxonomy":"post_tag","embeddable":true,"href":"https:\/\/www.enteratever.com\/2023\/wp-json\/wp\/v2\/tags?post=170840"}],"curies":[{"name":"wp","href":"https:\/\/api.w.org\/{rel}","templated":true}]}}