{"id":170839,"date":"2014-03-25T02:12:49","date_gmt":"2014-03-25T02:12:49","guid":{"rendered":"https:\/\/www.enteratever.com\/2023\/que-haremos-con-los-funcionarios-corruptos\/"},"modified":"2014-03-25T02:12:49","modified_gmt":"2014-03-25T02:12:49","slug":"que-haremos-con-los-funcionarios-corruptos","status":"publish","type":"post","link":"https:\/\/www.enteratever.com\/2023\/2014\/03\/25\/que-haremos-con-los-funcionarios-corruptos\/","title":{"rendered":"\u00bfQu\u00e9 haremos con los funcionarios corruptos?"},"content":{"rendered":"<p>Visitas: 6<\/p><figure id=\"attachment_43018\" aria-describedby=\"caption-attachment-43018\" style=\"width: 587px\" class=\"wp-caption aligncenter\"><a href=\"http:\/\/www.enteratever.com\/wp-content\/uploads\/2014\/03\/DUROS-CUESTIONAMIENTOS-del-alcalde.jpg\"><img loading=\"lazy\" decoding=\"async\" class=\"size-full wp-image-43018\" alt=\"\u00bfQu\u00e9 haremos con los funcionarios corruptos?\" src=\"http:\/\/www.enteratever.com\/wp-content\/uploads\/2014\/03\/DUROS-CUESTIONAMIENTOS-del-alcalde.jpg\" width=\"587\" height=\"440\" \/><\/a><figcaption id=\"caption-attachment-43018\" class=\"wp-caption-text\">\u00bfQu\u00e9 haremos con los funcionarios corruptos?<\/figcaption><\/figure>\n<p style=\"text-align: justify\">En medio de reclamos airados del alcalde C\u00e9sar Ulises Garc\u00eda V\u00e1zquez, se instal\u00f3 el Consejo Municipal de Seguridad P\u00fablica, \u00f3rgano que el Mun\u00edcipe va a presidir y que organizar\u00e1 los esfuerzos ciudadanos en materia de prevenci\u00f3n del delito.<!--more--><\/p>\n<p style=\"text-align: justify\">Miguel \u00c1lvarez Dorantes, sub coordinador del Consejo Estatal de Seguridad P\u00fablica y representante de Francisco Portilla Bonilla, Secretario Ejecutivo del Sistema y del Consejo Estatal de Seguridad P\u00fablica, fue depositario y portavoz de los duros cuestionamientos vertidos por el Presidente municipal durante la sesi\u00f3n realizada en la Casa de Cultura.<\/p>\n<p style=\"text-align: justify\">\u201cPara coadyuvar en seguridad acatamos las instrucciones del gobernador\u201d, dijo. \u201cPero tambi\u00e9n quiero que se lleve el mensaje para el se\u00f1or Francisco Portilla y para el gobierno del estado: \u00bfqu\u00e9 vamos a hacer con esos funcionarios corruptos que tenemos y que no salvaguardan los intereses de la sociedad?\u201d.<\/p>\n<p style=\"text-align: justify\">Se refiri\u00f3 a los casos espec\u00edficos del Oficial del Registro Civil, Edgar Fabi\u00e1n Espinosa Arias y del Agente del Ministerio P\u00fablico municipal, Christian Bernardo Avil\u00e9s Mah\u00e9. \u201cHemos tenido varios casos donde la sociedad ha sido afectada y no hemos encontrado eco\u201d.<\/p>\n<p style=\"text-align: justify\">Luego del mensaje del Mun\u00edcipe se firm\u00f3 el convenio mediante el cual Coatzintla integra el Consejo Municipal de Seguridad P\u00fablica y se compromete a unir esfuerzos con los ciudadanos par la prevenci\u00f3n del delito.<\/p>\n<p style=\"text-align: justify\">Miguel \u00c1lvarez Dorantes, sub coordinador del Consejo Estatal de Seguridad P\u00fablica, explic\u00f3 que es parte del programa de Prevenci\u00f3n Social de la Violencia y de la Delincuencia emprendido por el presidente de la Rep\u00fablica, Enrique Pe\u00f1a Nieto y que el gobernador Javier Duarte de Ochoa, ha replicado.<\/p>\n<p style=\"text-align: justify\">\u201cTiene un contexto m\u00e1s social\u201d, enfatiz\u00f3: \u201cEstamos trabajando sobre cuatro tipos de prevenci\u00f3n: situacional, la comunitaria, social y psicosocial. La comunitaria involucra a todos los ciudadanos a participar en las acciones de prevenci\u00f3n de la social de violencia y la delincuencia; la situacional tiene que ver con rescate de espacios p\u00fablicos, acondicionamiento de canchas y lugares recreativos para que la familia conviva; la social, tenemos que a trav\u00e9s de varias dependencias se atienden las diversas demandas sociales, falta de oportunidades de trabajo y capacitaci\u00f3n; la psicosocial, la atenci\u00f3n a grupos vulnerables, ni\u00f1os de la calle, personas con problemas de adicciones y que potencialmente pueden ingresar a la delincuencia\u201d.<\/p>\n<p style=\"text-align: justify\">En Veracruz la intenci\u00f3n es que los 212 municipios integren sus Consejos Municipales de Seguridad P\u00fablica.<\/p>\n","protected":false},"excerpt":{"rendered":"<p>Visitas: 6En medio de reclamos airados del alcalde C\u00e9sar Ulises Garc\u00eda V\u00e1zquez, se instal\u00f3 el Consejo Municipal de Seguridad P\u00fablica, \u00f3rgano que el Mun\u00edcipe va a presidir y que organizar\u00e1 los esfuerzos ciudadanos en materia de prevenci\u00f3n del delito.<\/p>\n","protected":false},"author":2,"featured_media":0,"comment_status":"open","ping_status":"open","sticky":false,"template":"","format":"standard","meta":{"footnotes":""},"categories":[216],"tags":[],"class_list":{"0":"post-170839","1":"post","2":"type-post","3":"status-publish","4":"format-standard","6":"category-coatzintla"},"nelio_content":{"isAutoShareEnabled":true,"autoShareEndMode":"never","automationSources":{"useCustomSentences":false,"customSentences":[]},"followers":[],"suggestedReferences":[],"efiUrl":"","efiAlt":"","highlights":[],"permalinkQueryArgs":[],"series":[]},"_links":{"self":[{"href":"https:\/\/www.enteratever.com\/2023\/wp-json\/wp\/v2\/posts\/170839","targetHints":{"allow":["GET"]}}],"collection":[{"href":"https:\/\/www.enteratever.com\/2023\/wp-json\/wp\/v2\/posts"}],"about":[{"href":"https:\/\/www.enteratever.com\/2023\/wp-json\/wp\/v2\/types\/post"}],"author":[{"embeddable":true,"href":"https:\/\/www.enteratever.com\/2023\/wp-json\/wp\/v2\/users\/2"}],"replies":[{"embeddable":true,"href":"https:\/\/www.enteratever.com\/2023\/wp-json\/wp\/v2\/comments?post=170839"}],"version-history":[{"count":0,"href":"https:\/\/www.enteratever.com\/2023\/wp-json\/wp\/v2\/posts\/170839\/revisions"}],"wp:attachment":[{"href":"https:\/\/www.enteratever.com\/2023\/wp-json\/wp\/v2\/media?parent=170839"}],"wp:term":[{"taxonomy":"category","embeddable":true,"href":"https:\/\/www.enteratever.com\/2023\/wp-json\/wp\/v2\/categories?post=170839"},{"taxonomy":"post_tag","embeddable":true,"href":"https:\/\/www.enteratever.com\/2023\/wp-json\/wp\/v2\/tags?post=170839"}],"curies":[{"name":"wp","href":"https:\/\/api.w.org\/{rel}","templated":true}]}}