{"id":170838,"date":"2014-03-24T20:04:46","date_gmt":"2014-03-24T20:04:46","guid":{"rendered":"https:\/\/www.enteratever.com\/2023\/con-ciudadanos-preocupados\/"},"modified":"2014-03-24T20:04:46","modified_gmt":"2014-03-24T20:04:46","slug":"con-ciudadanos-preocupados","status":"publish","type":"post","link":"https:\/\/www.enteratever.com\/2023\/2014\/03\/24\/con-ciudadanos-preocupados\/","title":{"rendered":"Con ciudadanos preocupados"},"content":{"rendered":"<p>Visitas: 2<\/p><figure id=\"attachment_42806\" aria-describedby=\"caption-attachment-42806\" style=\"width: 670px\" class=\"wp-caption aligncenter\"><img loading=\"lazy\" decoding=\"async\" class=\"size-full wp-image-42806 \" alt=\"Conformaron el Patronato del Campo Miguel Alem\u00e1n, de este municipio\" src=\"http:\/\/www.enteratever.com\/wp-content\/uploads\/2014\/03\/coat1.jpg\" width=\"670\" height=\"502\" \/><figcaption id=\"caption-attachment-42806\" class=\"wp-caption-text\">Conformaron el Patronato del Campo Miguel Alem\u00e1n, de este municipio<\/figcaption><\/figure>\n<p style=\"text-align: justify\">Con la integraci\u00f3n del patronato del Campo Miguel Alem\u00e1n se sientan las bases para la pr\u00e1ctica del deporte en este municipio, dijo el alcalde C\u00e9sar Ulises Garc\u00eda V\u00e1zquez, quien fue invitado al proceso democr\u00e1tico para la conformaci\u00f3n de ese comit\u00e9.<!--more--><\/p>\n<p style=\"text-align: justify\">Ser\u00e1 presidido por Ra\u00fal Vargas y la secretar\u00eda y la tesorer\u00eda corresponde encabezarlas a Oliverio Olivares Caro y a Jaime Villegas Rousel, respectivamente, precis\u00f3 el regidor tercero, Jes\u00fas Monter Rodr\u00edguez.<\/p>\n<p style=\"text-align: justify\">Dijo que de acuerdo con la Ley y Reglamento del Sistema Municipal de Cultura F\u00edsica y Deporte, los patronatos y el comit\u00e9 municipal del deporte ser\u00e1n constituidos por acuerdos de cabildo y reconocidos como autoridad deportiva del municipio y estar\u00e1n bajo la supervisi\u00f3n del presidente municipal.<\/p>\n<figure id=\"attachment_42807\" aria-describedby=\"caption-attachment-42807\" style=\"width: 670px\" class=\"wp-caption aligncenter\"><img loading=\"lazy\" decoding=\"async\" class=\"size-full wp-image-42807 \" alt=\"Conformaron el Patronato del Campo Miguel Alem\u00e1n, de este municipio\" src=\"http:\/\/www.enteratever.com\/wp-content\/uploads\/2014\/03\/coat2.jpg\" width=\"670\" height=\"502\" \/><figcaption id=\"caption-attachment-42807\" class=\"wp-caption-text\">Conformaron el Patronato del Campo Miguel Alem\u00e1n, de este municipio<\/figcaption><\/figure>\n<p style=\"text-align: justify\">A\u00f1adi\u00f3 que seg\u00fan el art\u00edculo 16 de la Ley y Reglamento del Sistema Municipal de Cultura F\u00edsica y Deporte, los patronatos y el comit\u00e9 municipal del deporte administrar\u00e1n las cuotas de recuperaci\u00f3n por entradas, venta de consumibles, rifas, inscripci\u00f3n de los equipos u organismos deportivos que participen en campeonatos, torneos estatales y nacionales, para cubrir los gastos de los mismos; de caso de existir alg\u00fan remanente se destinar\u00e1 para el mantenimiento de las instalaciones deportivas.<\/p>\n<figure id=\"attachment_42808\" aria-describedby=\"caption-attachment-42808\" style=\"width: 670px\" class=\"wp-caption aligncenter\"><img loading=\"lazy\" decoding=\"async\" class=\"size-full wp-image-42808 \" alt=\"Conformaron el Patronato del Campo Miguel Alem\u00e1n, de este municipio\" src=\"http:\/\/www.enteratever.com\/wp-content\/uploads\/2014\/03\/coat3.jpg\" width=\"670\" height=\"502\" \/><figcaption id=\"caption-attachment-42808\" class=\"wp-caption-text\">Conformaron el Patronato del Campo Miguel Alem\u00e1n, de este municipio<\/figcaption><\/figure>\n<p style=\"text-align: justify\">Ra\u00fal Vargas y los integrantes del patronato del Campo Miguel Alem\u00e1n, fueron electos de manera democr\u00e1tica en un proceso donde estuvieron presentes entrenadores, \u00e1rbitros, ampayers, y jugadores.<\/p>\n","protected":false},"excerpt":{"rendered":"<p>Visitas: 2Con la integraci\u00f3n del patronato del Campo Miguel Alem\u00e1n se sientan las bases para la pr\u00e1ctica del deporte en este municipio, dijo el alcalde C\u00e9sar Ulises Garc\u00eda V\u00e1zquez, quien fue invitado al proceso democr\u00e1tico para la conformaci\u00f3n de ese comit\u00e9.<\/p>\n","protected":false},"author":2,"featured_media":0,"comment_status":"open","ping_status":"open","sticky":false,"template":"","format":"standard","meta":{"footnotes":""},"categories":[216],"tags":[],"class_list":{"0":"post-170838","1":"post","2":"type-post","3":"status-publish","4":"format-standard","6":"category-coatzintla"},"nelio_content":{"isAutoShareEnabled":true,"autoShareEndMode":"never","automationSources":{"useCustomSentences":false,"customSentences":[]},"followers":[],"suggestedReferences":[],"efiUrl":"","efiAlt":"","highlights":[],"permalinkQueryArgs":[],"series":[]},"_links":{"self":[{"href":"https:\/\/www.enteratever.com\/2023\/wp-json\/wp\/v2\/posts\/170838","targetHints":{"allow":["GET"]}}],"collection":[{"href":"https:\/\/www.enteratever.com\/2023\/wp-json\/wp\/v2\/posts"}],"about":[{"href":"https:\/\/www.enteratever.com\/2023\/wp-json\/wp\/v2\/types\/post"}],"author":[{"embeddable":true,"href":"https:\/\/www.enteratever.com\/2023\/wp-json\/wp\/v2\/users\/2"}],"replies":[{"embeddable":true,"href":"https:\/\/www.enteratever.com\/2023\/wp-json\/wp\/v2\/comments?post=170838"}],"version-history":[{"count":0,"href":"https:\/\/www.enteratever.com\/2023\/wp-json\/wp\/v2\/posts\/170838\/revisions"}],"wp:attachment":[{"href":"https:\/\/www.enteratever.com\/2023\/wp-json\/wp\/v2\/media?parent=170838"}],"wp:term":[{"taxonomy":"category","embeddable":true,"href":"https:\/\/www.enteratever.com\/2023\/wp-json\/wp\/v2\/categories?post=170838"},{"taxonomy":"post_tag","embeddable":true,"href":"https:\/\/www.enteratever.com\/2023\/wp-json\/wp\/v2\/tags?post=170838"}],"curies":[{"name":"wp","href":"https:\/\/api.w.org\/{rel}","templated":true}]}}