{"id":170830,"date":"2014-03-21T15:25:54","date_gmt":"2014-03-21T15:25:54","guid":{"rendered":"https:\/\/www.enteratever.com\/2023\/dia-del-sindrome-de-down\/"},"modified":"2014-03-21T15:25:54","modified_gmt":"2014-03-21T15:25:54","slug":"dia-del-sindrome-de-down","status":"publish","type":"post","link":"https:\/\/www.enteratever.com\/2023\/2014\/03\/21\/dia-del-sindrome-de-down\/","title":{"rendered":"D\u00eda del S\u00edndrome de Down"},"content":{"rendered":"<p>Visitas: 2<\/p><figure id=\"attachment_40968\" aria-describedby=\"caption-attachment-40968\" style=\"width: 587px\" class=\"wp-caption aligncenter\"><img loading=\"lazy\" decoding=\"async\" class=\"size-full wp-image-40968  \" alt=\"Celebrar\u00e1n D\u00eda Mundial del S\u00edndrome de Down\" src=\"http:\/\/www.enteratever.com\/wp-content\/uploads\/2014\/03\/MIRIAM-SALAS-ARELLANOS-DIRECTORA-DE-LA-UOP-COATZINTLA.jpg\" width=\"587\" height=\"440\" \/><figcaption id=\"caption-attachment-40968\" class=\"wp-caption-text\">D\u00eda Mundial del S\u00edndrome de Down<\/figcaption><\/figure>\n<p style=\"text-align: justify\">Coatzintla, Ver.- El D\u00eda Mundial del S\u00edndrome de Down se celebra, este viernes 21 de marzo, con diversas actividades de sensibilizaci\u00f3n hacia la sociedad se celebrar\u00e1 en esta cabecera, inform\u00f3 la titular de la Unidad de Orientaci\u00f3n al P\u00fablico (UOP), de educaci\u00f3n especial, Miriam Salas Arellanos.<!--more--><\/p>\n<p style=\"text-align: justify\">La funcionaria se\u00f1al\u00f3 que ya estableci\u00f3 coordinaci\u00f3n con el ayuntamiento para llevar a cabo el evento luego del acto oficial por el aniversario del natalicio de Benito Ju\u00e1rez en el Parque Manlio Fabio Altamirano.<\/p>\n<p style=\"text-align: justify\">Anunci\u00f3 que se har\u00e1 una breve rese\u00f1a del S\u00edndrome de Down y se contar\u00e1 un cuento de sensibilizaci\u00f3n en el parque, y despu\u00e9s en varias escuelas donde la UOP tiene detectados peque\u00f1os de educaci\u00f3n especial en las comunidades de Benito Ju\u00e1rez, Contreras y Corralillos.<\/p>\n<p style=\"text-align: justify\">En la cabecera tambi\u00e9n se exhibir\u00e1 un cortometraje que la UOP baj\u00f3 de Internet, agreg\u00f3, y se distribuir\u00e1n carteles alusivos a la celebraci\u00f3n mundial.<\/p>\n<p style=\"text-align: justify\">Es probable, indic\u00f3 la directora, que Lupita, una ni\u00f1a reci\u00e9n egresada de Telesecundaria, tome la palabra para disertar sobre los derechos de los menores y las personas con discapacidad.<\/p>\n<p style=\"text-align: justify\">Salas Arellanos explic\u00f3 que el S\u00edndrome de Down siempre ha existido en todas las regiones del mundo con efectos variables en estilos de aprendizaje, caracter\u00edsticas f\u00edsicas y salud.<\/p>\n<p style=\"text-align: justify\">Por \u00faltimo destac\u00f3 que la intensi\u00f3n de celebrar el D\u00eda Mundial del S\u00edndrome de Down (designado por la ONU) es aumentar la conciencia p\u00fablica sobre esta condici\u00f3n humana y recordar la dignidad, la val\u00eda y las contribuciones de las personas con discapacidad intelectual como promotores de bienestar y diversidad en sus comunidades.<\/p>\n","protected":false},"excerpt":{"rendered":"<p>Visitas: 2Coatzintla, Ver.- El D\u00eda Mundial del S\u00edndrome de Down se celebra, este viernes 21 de marzo, con diversas actividades de sensibilizaci\u00f3n hacia la sociedad se celebrar\u00e1 en esta cabecera, inform\u00f3 la titular de la Unidad de Orientaci\u00f3n al P\u00fablico (UOP), de educaci\u00f3n especial, Miriam Salas Arellanos.<\/p>\n","protected":false},"author":2,"featured_media":0,"comment_status":"open","ping_status":"open","sticky":false,"template":"","format":"standard","meta":{"footnotes":""},"categories":[216],"tags":[],"class_list":{"0":"post-170830","1":"post","2":"type-post","3":"status-publish","4":"format-standard","6":"category-coatzintla"},"nelio_content":{"isAutoShareEnabled":true,"autoShareEndMode":"never","automationSources":{"useCustomSentences":false,"customSentences":[]},"followers":[],"suggestedReferences":[],"efiUrl":"","efiAlt":"","highlights":[],"permalinkQueryArgs":[],"series":[]},"_links":{"self":[{"href":"https:\/\/www.enteratever.com\/2023\/wp-json\/wp\/v2\/posts\/170830","targetHints":{"allow":["GET"]}}],"collection":[{"href":"https:\/\/www.enteratever.com\/2023\/wp-json\/wp\/v2\/posts"}],"about":[{"href":"https:\/\/www.enteratever.com\/2023\/wp-json\/wp\/v2\/types\/post"}],"author":[{"embeddable":true,"href":"https:\/\/www.enteratever.com\/2023\/wp-json\/wp\/v2\/users\/2"}],"replies":[{"embeddable":true,"href":"https:\/\/www.enteratever.com\/2023\/wp-json\/wp\/v2\/comments?post=170830"}],"version-history":[{"count":0,"href":"https:\/\/www.enteratever.com\/2023\/wp-json\/wp\/v2\/posts\/170830\/revisions"}],"wp:attachment":[{"href":"https:\/\/www.enteratever.com\/2023\/wp-json\/wp\/v2\/media?parent=170830"}],"wp:term":[{"taxonomy":"category","embeddable":true,"href":"https:\/\/www.enteratever.com\/2023\/wp-json\/wp\/v2\/categories?post=170830"},{"taxonomy":"post_tag","embeddable":true,"href":"https:\/\/www.enteratever.com\/2023\/wp-json\/wp\/v2\/tags?post=170830"}],"curies":[{"name":"wp","href":"https:\/\/api.w.org\/{rel}","templated":true}]}}