{"id":170827,"date":"2014-03-15T14:02:29","date_gmt":"2014-03-15T14:02:29","guid":{"rendered":"https:\/\/www.enteratever.com\/2023\/se-integra-coatzintla-a-red-de-municipios-por-la-salud\/"},"modified":"2014-03-15T14:02:29","modified_gmt":"2014-03-15T14:02:29","slug":"se-integra-coatzintla-a-red-de-municipios-por-la-salud","status":"publish","type":"post","link":"https:\/\/www.enteratever.com\/2023\/2014\/03\/15\/se-integra-coatzintla-a-red-de-municipios-por-la-salud\/","title":{"rendered":"Se integra Coatzintla a Red de municipios por la salud"},"content":{"rendered":"<p>Visitas: 4<\/p><figure id=\"attachment_39615\" aria-describedby=\"caption-attachment-39615\" style=\"width: 587px\" class=\"wp-caption aligncenter\"><a href=\"http:\/\/www.enteratever.com\/wp-content\/uploads\/2014\/03\/el-alcalde-Cesar-Ulises-firma-el-convenio-de-la-red-de-municipios-por-la-salud.jpg\"><img loading=\"lazy\" decoding=\"async\" class=\"size-full wp-image-39615\" alt=\"Se integra Coatzintla a Red de municipios por la salud\" src=\"http:\/\/www.enteratever.com\/wp-content\/uploads\/2014\/03\/el-alcalde-Cesar-Ulises-firma-el-convenio-de-la-red-de-municipios-por-la-salud.jpg\" width=\"587\" height=\"440\" \/><\/a><figcaption id=\"caption-attachment-39615\" class=\"wp-caption-text\">Se integra Coatzintla a Red de municipios por la salud<\/figcaption><\/figure>\n<p style=\"text-align: justify\">Coatzintla se integr\u00f3 a la red veracruzana de los municipios por la salud un esfuerzo com\u00fan de los ayuntamientos para promover acciones saludables en las comunidades.<!--more--><\/p>\n<p style=\"text-align: justify\">El alcalde C\u00e9sar Ulises Garc\u00eda V\u00e1zquez firm\u00f3 el convenio junto a sus hom\u00f3logos de Zozocolco Alejandro Garc\u00eda Rodr\u00edguez; de Tihuatl\u00e1n, Gregorio G\u00f3mez; de Papantla, Marcos Romero; Coyutla, Benito Picazo; Mecatl\u00e1n, Ger\u00f3nimo Luis Hern\u00e1ndez; CoatzIntla, C\u00e9sar Ulises Garc\u00eda V\u00e1zquez y Poza Rica, Sergio Lorenzo Quiroz.<\/p>\n<p style=\"text-align: justify\">Toc\u00f3 al alcalde de Poza Rica, Sergio Lorenzo Quiroz Cruz encabezar la red intermunicipal de la salud, por votaci\u00f3n un\u00e1nime de los mun\u00edcipes asistentes. De igual manera hizo el llamado a los municipios para que participen en las actividades que tendr\u00e1n lugar.<\/p>\n<p style=\"text-align: justify\">Nubia S\u00e1nchez coordinadora de la Red Veracruzana de los municipios por la salud dijo que se pretende integrar a los gobiernos municipales en el esfuerzo colectivo para lograr una cultura social del autocuidado de la salud.<\/p>\n<p style=\"text-align: justify\">\u201cLa meta es conformar a los 212 alcaldes para intercambiar experiencias exitosas en acciones preventivas enfocadas en promoci\u00f3n de la salud y fomentar entre la poblaci\u00f3n una cultura de la autocuidado de la salud\u201d, destac\u00f3 la funcionaria.<\/p>\n<p style=\"text-align: justify\">En el evento que tuvo lugar en las instalaciones de la Jurisdicci\u00f3n Sanitaria N\u00famero 3\u00a0 estuvieron presentes los alcaldes de Zozocolco Alejandro Garc\u00eda Rodr\u00edguez; de Tihuatl\u00e1n, Gregorio G\u00f3mez; de Papantla, Marcos Romero; Coyutla, Benito Picazo; Mecatl\u00e1n, Ger\u00f3nimo Luis Hern\u00e1ndez; CoatzIntla, C\u00e9sar Ulises Garc\u00eda V\u00e1zquez y Poza Rica, Sergio Lorenzo Quiroz, quienes firmaron el acta respectiva.<\/p>\n","protected":false},"excerpt":{"rendered":"<p>Visitas: 4Coatzintla se integr\u00f3 a la red veracruzana de los municipios por la salud un esfuerzo com\u00fan de los ayuntamientos para promover acciones saludables en las comunidades.<\/p>\n","protected":false},"author":2,"featured_media":0,"comment_status":"open","ping_status":"open","sticky":false,"template":"","format":"standard","meta":{"footnotes":""},"categories":[216],"tags":[],"class_list":{"0":"post-170827","1":"post","2":"type-post","3":"status-publish","4":"format-standard","6":"category-coatzintla"},"nelio_content":{"isAutoShareEnabled":true,"autoShareEndMode":"never","automationSources":{"useCustomSentences":false,"customSentences":[]},"followers":[],"suggestedReferences":[],"efiUrl":"","efiAlt":"","highlights":[],"permalinkQueryArgs":[],"series":[]},"_links":{"self":[{"href":"https:\/\/www.enteratever.com\/2023\/wp-json\/wp\/v2\/posts\/170827","targetHints":{"allow":["GET"]}}],"collection":[{"href":"https:\/\/www.enteratever.com\/2023\/wp-json\/wp\/v2\/posts"}],"about":[{"href":"https:\/\/www.enteratever.com\/2023\/wp-json\/wp\/v2\/types\/post"}],"author":[{"embeddable":true,"href":"https:\/\/www.enteratever.com\/2023\/wp-json\/wp\/v2\/users\/2"}],"replies":[{"embeddable":true,"href":"https:\/\/www.enteratever.com\/2023\/wp-json\/wp\/v2\/comments?post=170827"}],"version-history":[{"count":0,"href":"https:\/\/www.enteratever.com\/2023\/wp-json\/wp\/v2\/posts\/170827\/revisions"}],"wp:attachment":[{"href":"https:\/\/www.enteratever.com\/2023\/wp-json\/wp\/v2\/media?parent=170827"}],"wp:term":[{"taxonomy":"category","embeddable":true,"href":"https:\/\/www.enteratever.com\/2023\/wp-json\/wp\/v2\/categories?post=170827"},{"taxonomy":"post_tag","embeddable":true,"href":"https:\/\/www.enteratever.com\/2023\/wp-json\/wp\/v2\/tags?post=170827"}],"curies":[{"name":"wp","href":"https:\/\/api.w.org\/{rel}","templated":true}]}}