{"id":170818,"date":"2014-03-04T01:41:57","date_gmt":"2014-03-04T01:41:57","guid":{"rendered":"https:\/\/www.enteratever.com\/2023\/no-se-realizo-la-marcha-ni-un-nino-mas-en-coatzintla\/"},"modified":"2014-03-04T01:41:57","modified_gmt":"2014-03-04T01:41:57","slug":"no-se-realizo-la-marcha-ni-un-nino-mas-en-coatzintla","status":"publish","type":"post","link":"https:\/\/www.enteratever.com\/2023\/2014\/03\/04\/no-se-realizo-la-marcha-ni-un-nino-mas-en-coatzintla\/","title":{"rendered":"No se realiz\u00f3 la marcha \u00abNi un ni\u00f1o m\u00e1s\u00bb en Coatzintla"},"content":{"rendered":"<p>Visitas: 4<\/p><figure id=\"attachment_36319\" aria-describedby=\"caption-attachment-36319\" style=\"width: 660px\" class=\"wp-caption aligncenter\"><a href=\"http:\/\/www.enteratever.com\/wp-content\/uploads\/2014\/03\/plantados.jpg\"><img loading=\"lazy\" decoding=\"async\" class=\"size-full wp-image-36319\" alt=\"No se realiz\u00f3 la marcha &quot;Ni un ni\u00f1o m\u00e1s&quot; en Coatzintla\" src=\"http:\/\/www.enteratever.com\/wp-content\/uploads\/2014\/03\/plantados.jpg\" width=\"660\" height=\"440\" \/><\/a><figcaption id=\"caption-attachment-36319\" class=\"wp-caption-text\">No se realiz\u00f3 la marcha \u00abNi un ni\u00f1o m\u00e1s\u00bb en Coatzintla<\/figcaption><\/figure>\n<p style=\"text-align: justify\">No se realiz\u00f3 la marcha \u00abNi un ni\u00f1o m\u00e1s\u00bb, \u00a0convocada a trav\u00e9s de las redes sociales \u00a0y que estaba programada para iniciar a las \u00a015 horas del lunes 2 de marzo, desde la \u00a0entrada de Coatzintla, hacia el Palacio Municipal. S\u00f3lo se presentaron \u00a06 personas. Ya preparan una marcha para el d\u00eda 6 de marzo.<!--more--><\/p>\n","protected":false},"excerpt":{"rendered":"<p>Visitas: 4No se realiz\u00f3 la marcha \u00abNi un ni\u00f1o m\u00e1s\u00bb, \u00a0convocada a trav\u00e9s de las redes sociales \u00a0y que estaba programada para iniciar a las \u00a015 horas del lunes 2 de marzo, desde la \u00a0entrada de Coatzintla, hacia el Palacio Municipal. S\u00f3lo se presentaron \u00a06 personas. Ya preparan una marcha para el d\u00eda 6 de [&hellip;]<\/p>\n","protected":false},"author":1,"featured_media":0,"comment_status":"open","ping_status":"open","sticky":false,"template":"","format":"standard","meta":{"footnotes":""},"categories":[216],"tags":[],"class_list":{"0":"post-170818","1":"post","2":"type-post","3":"status-publish","4":"format-standard","6":"category-coatzintla"},"nelio_content":{"isAutoShareEnabled":true,"autoShareEndMode":"never","automationSources":{"useCustomSentences":false,"customSentences":[]},"followers":[],"suggestedReferences":[],"efiUrl":"","efiAlt":"","highlights":[],"permalinkQueryArgs":[],"series":[]},"_links":{"self":[{"href":"https:\/\/www.enteratever.com\/2023\/wp-json\/wp\/v2\/posts\/170818","targetHints":{"allow":["GET"]}}],"collection":[{"href":"https:\/\/www.enteratever.com\/2023\/wp-json\/wp\/v2\/posts"}],"about":[{"href":"https:\/\/www.enteratever.com\/2023\/wp-json\/wp\/v2\/types\/post"}],"author":[{"embeddable":true,"href":"https:\/\/www.enteratever.com\/2023\/wp-json\/wp\/v2\/users\/1"}],"replies":[{"embeddable":true,"href":"https:\/\/www.enteratever.com\/2023\/wp-json\/wp\/v2\/comments?post=170818"}],"version-history":[{"count":0,"href":"https:\/\/www.enteratever.com\/2023\/wp-json\/wp\/v2\/posts\/170818\/revisions"}],"wp:attachment":[{"href":"https:\/\/www.enteratever.com\/2023\/wp-json\/wp\/v2\/media?parent=170818"}],"wp:term":[{"taxonomy":"category","embeddable":true,"href":"https:\/\/www.enteratever.com\/2023\/wp-json\/wp\/v2\/categories?post=170818"},{"taxonomy":"post_tag","embeddable":true,"href":"https:\/\/www.enteratever.com\/2023\/wp-json\/wp\/v2\/tags?post=170818"}],"curies":[{"name":"wp","href":"https:\/\/api.w.org\/{rel}","templated":true}]}}