{"id":170810,"date":"2014-02-27T22:03:03","date_gmt":"2014-02-27T22:03:03","guid":{"rendered":"https:\/\/www.enteratever.com\/2023\/un-desfile-mas-llamativo-en-coatzintla\/"},"modified":"2014-02-27T22:03:03","modified_gmt":"2014-02-27T22:03:03","slug":"un-desfile-mas-llamativo-en-coatzintla","status":"publish","type":"post","link":"https:\/\/www.enteratever.com\/2023\/2014\/02\/27\/un-desfile-mas-llamativo-en-coatzintla\/","title":{"rendered":"Un desfile m\u00e1s llamativo en Coatzintla"},"content":{"rendered":"<p>Visitas: 7<\/p><figure id=\"attachment_35399\" aria-describedby=\"caption-attachment-35399\" style=\"width: 659px\" class=\"wp-caption aligncenter\"><a href=\"http:\/\/www.enteratever.com\/wp-content\/uploads\/2014\/02\/Se-realiz\u00f3-segunda-reuni\u00f3n-de-preparacion-del-desfile.jpg\"><img loading=\"lazy\" decoding=\"async\" class=\"size-full wp-image-35399\" alt=\"Un desfile m\u00e1s llamativo en Coatzintla\" src=\"http:\/\/www.enteratever.com\/wp-content\/uploads\/2014\/02\/Se-realiz\u00f3-segunda-reuni\u00f3n-de-preparacion-del-desfile.jpg\" width=\"659\" height=\"419\" \/><\/a><figcaption id=\"caption-attachment-35399\" class=\"wp-caption-text\">Un desfile m\u00e1s llamativo en Coatzintla<\/figcaption><\/figure>\n<p style=\"text-align: justify\">Ya se alistan los \u00faltimos detalles para lo que ser\u00e1 el Desfile de la Primavera que tendr\u00e1 lugar el pr\u00f3ximo 19 de marzo en punto de las 4 de la tarde. Esta vez partir\u00e1 del Arco que da la Bienvenida a Coatzintla, continuar\u00e1 sobre la avenida Adolfo L\u00f3pez Mateos, la Reforma y concluir\u00e1 frente al Centro Social Coatzinteco.<!--more--><\/p>\n<p style=\"text-align: justify\">Ayer, al t\u00e9rmino de la segunda de tres reuniones, el regidor comisionado en Turismo, Aldo Ren\u00e9 Herrera D\u00edaz, dijo que el objetivo es organizar un evento m\u00e1s llamativo y mejor organizado para disfrute de las familias Coatzintecas.<\/p>\n<p style=\"text-align: justify\">\u201cTratamos de que Coatzintla se d\u00e9 cuenta que aqu\u00ed tenemos un desfile tambi\u00e9n\u201d, destaca. \u201cCasi siempre parte de la colonia Adolfo Ruiz Cortines, pero nosotros vamos a presentar el desfile el 19 de marzo, al d\u00eda siguiente del Carnaval de Poza Rica y en el marco del arranque de las actividades en Cumbre Taj\u00edn. Va a salir del arco que da la Bienvenida a Coatzintla. Este es nuestro primer a\u00f1o y queremos hacer algo diferente, m\u00e1s ambicioso tal vez\u201d.<\/p>\n<p style=\"text-align: justify\">Da a conocer que la \u00faltima reuni\u00f3n de preparaci\u00f3n del desfile ser\u00e1 el jueves 6 de marzo a las 10 de la ma\u00f1ana en el auditorio del DIF municipal, fecha en la que tambi\u00e9n se cerrar\u00e1n las inscripciones de los participantes.<\/p>\n<p style=\"text-align: justify\">A\u00f1ade que en la \u00faltima reuni\u00f3n se determinar\u00e1 el acomodo de los contingentes. Tambi\u00e9n dice que quienes no se hayan inscrito tambi\u00e9n pueden participar, pero tendr\u00e1n que someterse a lo que determinen los organizadores en cuanto a c\u00f3mo deber\u00e1n formarse.<\/p>\n<p style=\"text-align: justify\">Finalmente dice que los ni\u00f1os de preescolar van primero. Luego primarias, secundarias y preparatorias, comparsas y carros aleg\u00f3ricos.<\/p>\n","protected":false},"excerpt":{"rendered":"<p>Visitas: 7Ya se alistan los \u00faltimos detalles para lo que ser\u00e1 el Desfile de la Primavera que tendr\u00e1 lugar el pr\u00f3ximo 19 de marzo en punto de las 4 de la tarde. Esta vez partir\u00e1 del Arco que da la Bienvenida a Coatzintla, continuar\u00e1 sobre la avenida Adolfo L\u00f3pez Mateos, la Reforma y concluir\u00e1 frente [&hellip;]<\/p>\n","protected":false},"author":2,"featured_media":0,"comment_status":"open","ping_status":"open","sticky":false,"template":"","format":"standard","meta":{"footnotes":""},"categories":[216],"tags":[],"class_list":{"0":"post-170810","1":"post","2":"type-post","3":"status-publish","4":"format-standard","6":"category-coatzintla"},"nelio_content":{"isAutoShareEnabled":true,"autoShareEndMode":"never","automationSources":{"useCustomSentences":false,"customSentences":[]},"followers":[],"suggestedReferences":[],"efiUrl":"","efiAlt":"","highlights":[],"permalinkQueryArgs":[],"series":[]},"_links":{"self":[{"href":"https:\/\/www.enteratever.com\/2023\/wp-json\/wp\/v2\/posts\/170810","targetHints":{"allow":["GET"]}}],"collection":[{"href":"https:\/\/www.enteratever.com\/2023\/wp-json\/wp\/v2\/posts"}],"about":[{"href":"https:\/\/www.enteratever.com\/2023\/wp-json\/wp\/v2\/types\/post"}],"author":[{"embeddable":true,"href":"https:\/\/www.enteratever.com\/2023\/wp-json\/wp\/v2\/users\/2"}],"replies":[{"embeddable":true,"href":"https:\/\/www.enteratever.com\/2023\/wp-json\/wp\/v2\/comments?post=170810"}],"version-history":[{"count":0,"href":"https:\/\/www.enteratever.com\/2023\/wp-json\/wp\/v2\/posts\/170810\/revisions"}],"wp:attachment":[{"href":"https:\/\/www.enteratever.com\/2023\/wp-json\/wp\/v2\/media?parent=170810"}],"wp:term":[{"taxonomy":"category","embeddable":true,"href":"https:\/\/www.enteratever.com\/2023\/wp-json\/wp\/v2\/categories?post=170810"},{"taxonomy":"post_tag","embeddable":true,"href":"https:\/\/www.enteratever.com\/2023\/wp-json\/wp\/v2\/tags?post=170810"}],"curies":[{"name":"wp","href":"https:\/\/api.w.org\/{rel}","templated":true}]}}