{"id":170808,"date":"2014-02-24T23:36:52","date_gmt":"2014-02-24T23:36:52","guid":{"rendered":"https:\/\/www.enteratever.com\/2023\/inicia-primera-semana-nacional-de-salud-en-coatzintla\/"},"modified":"2014-02-24T23:36:52","modified_gmt":"2014-02-24T23:36:52","slug":"inicia-primera-semana-nacional-de-salud-en-coatzintla","status":"publish","type":"post","link":"https:\/\/www.enteratever.com\/2023\/2014\/02\/24\/inicia-primera-semana-nacional-de-salud-en-coatzintla\/","title":{"rendered":"Inicia Primera Semana Nacional de Salud en Coatzintla"},"content":{"rendered":"<p>Visitas: 6<\/p><figure id=\"attachment_34431\" aria-describedby=\"caption-attachment-34431\" style=\"width: 660px\" class=\"wp-caption aligncenter\"><a href=\"http:\/\/www.enteratever.com\/wp-content\/uploads\/2014\/02\/el-alcalde-Cessar-Ulises-Garc\u00eda-Vazuqez-aplica-la-primera-dosis.jpg\"><img loading=\"lazy\" decoding=\"async\" class=\"size-full wp-image-34431\" alt=\"Inicia Primera Semana Nacional de Salud en Coatzintla\" src=\"http:\/\/www.enteratever.com\/wp-content\/uploads\/2014\/02\/el-alcalde-Cessar-Ulises-Garc\u00eda-Vazuqez-aplica-la-primera-dosis.jpg\" width=\"660\" height=\"495\" \/><\/a><figcaption id=\"caption-attachment-34431\" class=\"wp-caption-text\">Inicia Primera Semana Nacional de Salud en Coatzintla<\/figcaption><\/figure>\n<p style=\"text-align: justify\">Con activaci\u00f3n f\u00edsica y caminata y la aplicaci\u00f3n de la primera dosis por parte del alcalde C\u00e9sar Ulises Garc\u00eda V\u00e1zquez, arranc\u00f3 ayer la Primera Semana Nacional de Salud que se efect\u00faa del 22 al 28 de febrero.<!--more--><\/p>\n<p style=\"text-align: justify\">El Mun\u00edcipe hizo una amplia convocatoria a la sociedad coatzinteca para que participe con estas acciones que se emprenden de manera coordinada con los Servicios de Salud de Veracruz y que aprovechen la jornada.<\/p>\n<p style=\"text-align: justify\">\u201cExhorto a todos los padres de familia que lleven a sus hijos menores de 5 a\u00f1os junto con su cartilla de vacunaci\u00f3n al puesto de salud m\u00e1s cercano. Esa es una forma de demostrarle nuestro cari\u00f1o a nuestros ni\u00f1os\u201d<\/p>\n<figure id=\"attachment_34432\" aria-describedby=\"caption-attachment-34432\" style=\"width: 660px\" class=\"wp-caption aligncenter\"><a href=\"http:\/\/www.enteratever.com\/wp-content\/uploads\/2014\/02\/La-presidenta-del-DIF-Gladiola-Sanchez-de-Garc\u00eda-aplica-dosis.jpg\"><img loading=\"lazy\" decoding=\"async\" class=\"size-full wp-image-34432\" alt=\"Inicia Primera Semana Nacional de Salud en Coatzintla\" src=\"http:\/\/www.enteratever.com\/wp-content\/uploads\/2014\/02\/La-presidenta-del-DIF-Gladiola-Sanchez-de-Garc\u00eda-aplica-dosis.jpg\" width=\"660\" height=\"495\" \/><\/a><figcaption id=\"caption-attachment-34432\" class=\"wp-caption-text\">Inicia Primera Semana Nacional de Salud en Coatzintla<\/figcaption><\/figure>\n<p style=\"text-align: justify\">Las primeras tres dosis fueron aplicadas por la presidenta del DIF, se\u00f1ora Gladiola S\u00e1nchez de Garc\u00eda, la s\u00edndico Lorena L\u00f3pez Vel\u00e1zquez y por el Presidente Municipal.<\/p>\n<p style=\"text-align: justify\">Previamente participaron en la jornada de activaci\u00f3n f\u00edsica y luego en la caminata acompa\u00f1ados de los CAIC DIF, Grupos de la Tercera Edad, la banda de guerra del Colegio Montessori, la doctora Reyna Valencia Casta\u00f1aeda, representante de la doctora Rosario Espinosa Gloria, jefa de la Jurisdicci\u00f3n Sanitaria n\u00famero 3 y la doctora Nayeli Radilla Guerrero, Capit\u00e1n Primero Cirujano Dentista del S\u00e9ptimo Batall\u00f3n de Infanter\u00eda, en representaci\u00f3n del Comandante del S\u00e9ptimo Batall\u00f3n de Infanter\u00eda, Enrique Mosso Mart\u00ednez.<\/p>\n<p style=\"text-align: justify\">El lema de la Primera Semana Nacional de Salud es \u201cMientras Tu los quieren las vacunas los protegen\u201d marco en el que se llevar\u00e1n a cabo acciones b\u00e1sicas como la aplicaci\u00f3n de la vacuna antipoliomel\u00edtica tipo Sabin a poblaci\u00f3n menor de 5 a\u00f1os, inmunizaci\u00f3n permanente para completar esquemas b\u00e1sicos, protecci\u00f3n contra t\u00e9tanos neonatal, difteria y tos ferina a mujeres embarazadas, distribuci\u00f3n de sobres de Vida Suero Oral, \u00e1cido f\u00f3lico, vitaminas y minerales y charlas informativas para la prevenci\u00f3n de enfermedades diarr\u00e9icas e infecciones respiratorias agudas.<\/p>\n","protected":false},"excerpt":{"rendered":"<p>Visitas: 6Con activaci\u00f3n f\u00edsica y caminata y la aplicaci\u00f3n de la primera dosis por parte del alcalde C\u00e9sar Ulises Garc\u00eda V\u00e1zquez, arranc\u00f3 ayer la Primera Semana Nacional de Salud que se efect\u00faa del 22 al 28 de febrero.<\/p>\n","protected":false},"author":2,"featured_media":0,"comment_status":"open","ping_status":"open","sticky":false,"template":"","format":"standard","meta":{"footnotes":""},"categories":[216],"tags":[],"class_list":{"0":"post-170808","1":"post","2":"type-post","3":"status-publish","4":"format-standard","6":"category-coatzintla"},"nelio_content":{"isAutoShareEnabled":true,"autoShareEndMode":"never","automationSources":{"useCustomSentences":false,"customSentences":[]},"followers":[],"suggestedReferences":[],"efiUrl":"","efiAlt":"","highlights":[],"permalinkQueryArgs":[],"series":[]},"_links":{"self":[{"href":"https:\/\/www.enteratever.com\/2023\/wp-json\/wp\/v2\/posts\/170808","targetHints":{"allow":["GET"]}}],"collection":[{"href":"https:\/\/www.enteratever.com\/2023\/wp-json\/wp\/v2\/posts"}],"about":[{"href":"https:\/\/www.enteratever.com\/2023\/wp-json\/wp\/v2\/types\/post"}],"author":[{"embeddable":true,"href":"https:\/\/www.enteratever.com\/2023\/wp-json\/wp\/v2\/users\/2"}],"replies":[{"embeddable":true,"href":"https:\/\/www.enteratever.com\/2023\/wp-json\/wp\/v2\/comments?post=170808"}],"version-history":[{"count":0,"href":"https:\/\/www.enteratever.com\/2023\/wp-json\/wp\/v2\/posts\/170808\/revisions"}],"wp:attachment":[{"href":"https:\/\/www.enteratever.com\/2023\/wp-json\/wp\/v2\/media?parent=170808"}],"wp:term":[{"taxonomy":"category","embeddable":true,"href":"https:\/\/www.enteratever.com\/2023\/wp-json\/wp\/v2\/categories?post=170808"},{"taxonomy":"post_tag","embeddable":true,"href":"https:\/\/www.enteratever.com\/2023\/wp-json\/wp\/v2\/tags?post=170808"}],"curies":[{"name":"wp","href":"https:\/\/api.w.org\/{rel}","templated":true}]}}