{"id":170805,"date":"2014-02-20T01:30:08","date_gmt":"2014-02-20T01:30:08","guid":{"rendered":"https:\/\/www.enteratever.com\/2023\/flojos-los-empleados-en-el-ayuntamiento-de-coatzintla\/"},"modified":"2014-02-20T01:30:08","modified_gmt":"2014-02-20T01:30:08","slug":"flojos-los-empleados-en-el-ayuntamiento-de-coatzintla","status":"publish","type":"post","link":"https:\/\/www.enteratever.com\/2023\/2014\/02\/20\/flojos-los-empleados-en-el-ayuntamiento-de-coatzintla\/","title":{"rendered":"Flojos los empleados en el ayuntamiento de Coatzintla"},"content":{"rendered":"<p>Visitas: 6<\/p><figure id=\"attachment_32979\" aria-describedby=\"caption-attachment-32979\" style=\"width: 637px\" class=\"wp-caption aligncenter\"><a href=\"http:\/\/www.enteratever.com\/wp-content\/uploads\/2014\/02\/Veracruz268.jpg\"><img loading=\"lazy\" decoding=\"async\" class=\"size-full wp-image-32979\" alt=\"Flojos los empleados en el ayuntamiento de Coatzintla\" src=\"http:\/\/www.enteratever.com\/wp-content\/uploads\/2014\/02\/Veracruz268.jpg\" width=\"637\" height=\"429\" \/><\/a><figcaption id=\"caption-attachment-32979\" class=\"wp-caption-text\">Flojos los empleados en el ayuntamiento de Coatzintla<\/figcaption><\/figure>\n<p style=\"text-align: justify\">Mun\u00edcipe de Coatzintla se queja de la actitud de los empleados municipales, \u201cest\u00e1n mal acostumbrados, algunos \u00a0les molesta que se les ponga a trabajar\u201d menciona C\u00e9sar Ulises Garc\u00eda V\u00e1zquez.<!--more--><\/p>\n<p style=\"text-align: justify\">Actual alcalde del municipio de Coatzintla afirma que algunos empleados de ayuntamiento se molestan por trabajar ya que la anterior administraci\u00f3n los dejo mal acostumbrados.<\/p>\n<p style=\"text-align: justify\">\u201cEst\u00e1n en su derechos los empleados,\u00a0 nosotros llegamos a romper los esquemas, los vamos aponer a trabajar 4 a\u00f1os eran tolerados por la autoridad que se fue\u201d dijo.<\/p>\n<p style=\"text-align: justify\">A\u00f1ade que trabajar en el lugar es tratar de\u00a0 administrar los recursos de la manera m\u00e1s eficiente\u00a0 y que todos \u00a0que tengan un salario tengan rentabilidad social.<\/p>\n<p style=\"text-align: justify\">Tambi\u00e9n aclara que a nadie le ha bajado el salario, con la diferencia que ahora si se pagarnos a la ley,\u00a0 y si ellos se molestan que les ponga a trabajar, 4 a\u00f1os lo seguir\u00e1n haciendo.<\/p>\n<p style=\"text-align: justify\">Hace un llamado a los sindicalizados, mencionando \u00a0que su actividad debe\u00a0 generar ingresos; \u00a0con la \u00a0eficiencia \u00a0y actitud, as\u00ed mismo, como defienden a sus trabajadores\u00a0 deben decirles que\u00a0 sean creativos y tengan actitud,\u00a0 ya que no les est\u00e1 pagando una empresa sino el pueblo.<\/p>\n<p style=\"text-align: justify\">Por otro lado, \u00a0menciona que algunos \u00a0puentes no est\u00e1n concluidos con\u00a0\u00a0 Secretaria de Infraestructura y obras P\u00fablicas no ha cumplido con su trabajo y si es necesario se sumara a la manifestaci\u00f3n que realizan los cierres de accesos.<\/p>\n<p style=\"text-align: justify\">\u201cEs una situaci\u00f3n que nos aqueja a todos los coatzintecos, Troncones y Potrerillo \u00a0que es el m\u00e1s grande\u00a0 y el Morelos, que ya est\u00e1 al 80% por otro lado en el Benito J\u00faarez, est\u00e1n trabajando muy lento\u201d dijo.<\/p>\n<p style=\"text-align: justify\">En cuesti\u00f3n de aguas negras se est\u00e1 hablando el respecto, ya que se requiere mucha inversi\u00f3n, hay que tratar de abatir lo m\u00e1s necesario,\u00a0 debido que en la federaci\u00f3n est\u00e1 muy cortado todo no tanto en las comunidades en la zona urbana.<\/p>\n<p style=\"text-align: justify\">A\u00f1adi\u00f3 \u201cUna vez m\u00e1s estamos trabajando\u00a0 no se esperan que las cosas cambie, estamos viendo en el cambio de concientizaci\u00f3n en las personas\u201d.<\/p>\n","protected":false},"excerpt":{"rendered":"<p>Visitas: 6Mun\u00edcipe de Coatzintla se queja de la actitud de los empleados municipales, \u201cest\u00e1n mal acostumbrados, algunos \u00a0les molesta que se les ponga a trabajar\u201d menciona C\u00e9sar Ulises Garc\u00eda V\u00e1zquez.<\/p>\n","protected":false},"author":1,"featured_media":0,"comment_status":"open","ping_status":"open","sticky":false,"template":"","format":"standard","meta":{"footnotes":""},"categories":[216],"tags":[],"class_list":{"0":"post-170805","1":"post","2":"type-post","3":"status-publish","4":"format-standard","6":"category-coatzintla"},"nelio_content":{"isAutoShareEnabled":true,"autoShareEndMode":"never","automationSources":{"useCustomSentences":false,"customSentences":[]},"followers":[],"suggestedReferences":[],"efiUrl":"","efiAlt":"","highlights":[],"permalinkQueryArgs":[],"series":[]},"_links":{"self":[{"href":"https:\/\/www.enteratever.com\/2023\/wp-json\/wp\/v2\/posts\/170805","targetHints":{"allow":["GET"]}}],"collection":[{"href":"https:\/\/www.enteratever.com\/2023\/wp-json\/wp\/v2\/posts"}],"about":[{"href":"https:\/\/www.enteratever.com\/2023\/wp-json\/wp\/v2\/types\/post"}],"author":[{"embeddable":true,"href":"https:\/\/www.enteratever.com\/2023\/wp-json\/wp\/v2\/users\/1"}],"replies":[{"embeddable":true,"href":"https:\/\/www.enteratever.com\/2023\/wp-json\/wp\/v2\/comments?post=170805"}],"version-history":[{"count":0,"href":"https:\/\/www.enteratever.com\/2023\/wp-json\/wp\/v2\/posts\/170805\/revisions"}],"wp:attachment":[{"href":"https:\/\/www.enteratever.com\/2023\/wp-json\/wp\/v2\/media?parent=170805"}],"wp:term":[{"taxonomy":"category","embeddable":true,"href":"https:\/\/www.enteratever.com\/2023\/wp-json\/wp\/v2\/categories?post=170805"},{"taxonomy":"post_tag","embeddable":true,"href":"https:\/\/www.enteratever.com\/2023\/wp-json\/wp\/v2\/tags?post=170805"}],"curies":[{"name":"wp","href":"https:\/\/api.w.org\/{rel}","templated":true}]}}