{"id":170803,"date":"2014-02-17T23:00:03","date_gmt":"2014-02-17T23:00:03","guid":{"rendered":"https:\/\/www.enteratever.com\/2023\/convocan-a-comercios-a-refrendar\/"},"modified":"2014-02-17T23:00:03","modified_gmt":"2014-02-17T23:00:03","slug":"convocan-a-comercios-a-refrendar","status":"publish","type":"post","link":"https:\/\/www.enteratever.com\/2023\/2014\/02\/17\/convocan-a-comercios-a-refrendar\/","title":{"rendered":"Convocan a comercios a refrendar en Coatzintla"},"content":{"rendered":"<p>Visitas: 5<\/p><figure id=\"attachment_32045\" aria-describedby=\"caption-attachment-32045\" style=\"width: 659px\" class=\"wp-caption aligncenter\"><a href=\"http:\/\/www.enteratever.com\/wp-content\/uploads\/2014\/02\/Daniel-Montiel-Gonz\u00e1lez-director-de-Industria-y-Comercio-y-Salud.jpg\"><img loading=\"lazy\" decoding=\"async\" class=\"size-full wp-image-32045\" alt=\"Convocan a comercios a refrendar\" src=\"http:\/\/www.enteratever.com\/wp-content\/uploads\/2014\/02\/Daniel-Montiel-Gonz\u00e1lez-director-de-Industria-y-Comercio-y-Salud.jpg\" width=\"659\" height=\"377\" \/><\/a><figcaption id=\"caption-attachment-32045\" class=\"wp-caption-text\">Convocan a comercios a refrendar<\/figcaption><\/figure>\n<p style=\"text-align: justify\">El Ayuntamiento local hace un llamado todos los negocios establecidos para que procedan a completar sus tr\u00e1mites de refrendo ante la direcci\u00f3n de Industria y Comercio antes de marzo cuando empezar\u00e1n las notificaciones.<!--more--><\/p>\n<p style=\"text-align: justify\">De acuerdo con el titular de esa \u00e1rea, Daniel Montiel Gonz\u00e1lez, se tiene un padr\u00f3n de aproximadamente 800 comercios establecidos, sin embargo se estima que sean m\u00e1s de mil los que funcionan en cabecera municipal y en zona rural.<\/p>\n<p style=\"text-align: justify\">\u201cEstamos invitando a que hagan sus refrendos porque en el mes de marzo por lo pronto ya vamos a empezar a hacer las notificaciones\u201d, dice y agrega: \u201cTenemos buena respuesta de los comerciantes, se respeta el horario de cierre. Estamos en di\u00e1logo con expendedores de bebidas alcoh\u00f3licas, pero en comunidades tienen una autoridad, el sub agente que se encarga de poner el orden y nosotros trabajamos en coordinaci\u00f3n con ellos\u201d.<\/p>\n<p style=\"text-align: justify\">Por otro lado da a conocer que ya todo est\u00e1 listo para el arranque de la Primera Semana Nacional de Vacunaci\u00f3n que tendr\u00e1 lugar del 22 al 28 de febrero cuando los grupos de enfermeras saldr\u00e1n a las colonias y comunidades para aplicar Sabin, t\u00e9tanos y otras enfermedades.<\/p>\n<p style=\"text-align: justify\">\u201cLa invitaci\u00f3n es que participen en esta primer semana nacional de salud, que dejen entrar a las compa\u00f1eras y compa\u00f1eros enfermeros, llevan su credencial, no pasa nada, lo \u00fanico que deben tener a la mano es su carnet de vacunaci\u00f3n, el alcalde C\u00e9sar Ulises Garc\u00eda V\u00e1zquez est\u00e1 preocupado porque todos los ni\u00f1os, se\u00f1oras embarazadas, adultos con enfermedades cr\u00f3nico degenerativas tengan sus vacunas completas\u201d, concluye.<\/p>\n","protected":false},"excerpt":{"rendered":"<p>Visitas: 5El Ayuntamiento local hace un llamado todos los negocios establecidos para que procedan a completar sus tr\u00e1mites de refrendo ante la direcci\u00f3n de Industria y Comercio antes de marzo cuando empezar\u00e1n las notificaciones.<\/p>\n","protected":false},"author":2,"featured_media":0,"comment_status":"open","ping_status":"open","sticky":false,"template":"","format":"standard","meta":{"footnotes":""},"categories":[216],"tags":[],"class_list":{"0":"post-170803","1":"post","2":"type-post","3":"status-publish","4":"format-standard","6":"category-coatzintla"},"nelio_content":{"isAutoShareEnabled":true,"autoShareEndMode":"never","automationSources":{"useCustomSentences":false,"customSentences":[]},"followers":[],"suggestedReferences":[],"efiUrl":"","efiAlt":"","highlights":[],"permalinkQueryArgs":[],"series":[]},"_links":{"self":[{"href":"https:\/\/www.enteratever.com\/2023\/wp-json\/wp\/v2\/posts\/170803","targetHints":{"allow":["GET"]}}],"collection":[{"href":"https:\/\/www.enteratever.com\/2023\/wp-json\/wp\/v2\/posts"}],"about":[{"href":"https:\/\/www.enteratever.com\/2023\/wp-json\/wp\/v2\/types\/post"}],"author":[{"embeddable":true,"href":"https:\/\/www.enteratever.com\/2023\/wp-json\/wp\/v2\/users\/2"}],"replies":[{"embeddable":true,"href":"https:\/\/www.enteratever.com\/2023\/wp-json\/wp\/v2\/comments?post=170803"}],"version-history":[{"count":0,"href":"https:\/\/www.enteratever.com\/2023\/wp-json\/wp\/v2\/posts\/170803\/revisions"}],"wp:attachment":[{"href":"https:\/\/www.enteratever.com\/2023\/wp-json\/wp\/v2\/media?parent=170803"}],"wp:term":[{"taxonomy":"category","embeddable":true,"href":"https:\/\/www.enteratever.com\/2023\/wp-json\/wp\/v2\/categories?post=170803"},{"taxonomy":"post_tag","embeddable":true,"href":"https:\/\/www.enteratever.com\/2023\/wp-json\/wp\/v2\/tags?post=170803"}],"curies":[{"name":"wp","href":"https:\/\/api.w.org\/{rel}","templated":true}]}}