{"id":170499,"date":"2014-06-30T23:40:39","date_gmt":"2014-06-30T23:40:39","guid":{"rendered":"https:\/\/www.enteratever.com\/2023\/uv-signa-convenios-con-10-ayuntamiento-de-la-zona-norte-5\/"},"modified":"2014-06-30T23:40:39","modified_gmt":"2014-06-30T23:40:39","slug":"uv-signa-convenios-con-10-ayuntamiento-de-la-zona-norte-5","status":"publish","type":"post","link":"https:\/\/www.enteratever.com\/2023\/2014\/06\/30\/uv-signa-convenios-con-10-ayuntamiento-de-la-zona-norte-5\/","title":{"rendered":"UV signa convenios con 10 Ayuntamiento de la zona norte"},"content":{"rendered":"<p>Visitas: 5<\/p><figure id=\"attachment_69050\" aria-describedby=\"caption-attachment-69050\" style=\"width: 573px\" class=\"wp-caption aligncenter\"><a href=\"http:\/\/www.enteratever.com\/wp-content\/uploads\/2014\/06\/300614PozaRica19.jpg\"><img loading=\"lazy\" decoding=\"async\" class=\"size-full wp-image-69050\" src=\"http:\/\/www.enteratever.com\/wp-content\/uploads\/2014\/06\/300614PozaRica19.jpg\" alt=\"UV signa convenios con 10 Ayuntamiento de la zona norte\" width=\"573\" height=\"430\" \/><\/a><figcaption id=\"caption-attachment-69050\" class=\"wp-caption-text\">UV signa convenios con 10 Ayuntamiento de la zona norte<\/figcaption><\/figure>\n<p style=\"text-align: justify;\">Destacando que la zona norte de la entidad veracruzana es estrat\u00e9gica por sus numerosas actividades econ\u00f3micas y la necesidad de contribuir al desarrollo de la regi\u00f3n la Universidad Veracruzana (UV) sign\u00f3 convenios generales de colaboraci\u00f3n con 10 ayuntamientos en un evento encabezado por la Rectora, Sara Ladr\u00f3n de Guevara.<!--more--><\/p>\n<p style=\"text-align: justify;\">La riqueza en actividades productivas de la zona norte obligan a la implementaci\u00f3n de correctas pol\u00edticas p\u00fablicas que contribuyan al desarrollo de la regi\u00f3n y beneficios directos para sus habitantes, destac\u00f3 Ladr\u00f3n de Guevara sobre la firma de convenios generales.<\/p>\n<figure id=\"attachment_69049\" aria-describedby=\"caption-attachment-69049\" style=\"width: 640px\" class=\"wp-caption aligncenter\"><a href=\"http:\/\/www.enteratever.com\/wp-content\/uploads\/2014\/06\/300614PozaRica18.jpg\"><img loading=\"lazy\" decoding=\"async\" class=\"size-full wp-image-69049\" src=\"http:\/\/www.enteratever.com\/wp-content\/uploads\/2014\/06\/300614PozaRica18.jpg\" alt=\"UV signa convenios con 10 Ayuntamiento de la zona norte\" width=\"640\" height=\"219\" \/><\/a><figcaption id=\"caption-attachment-69049\" class=\"wp-caption-text\">UV signa convenios con 10 Ayuntamiento de la zona norte<\/figcaption><\/figure>\n<p style=\"text-align: justify;\">En la sala de videoconferencias de la Unidad de Servicios Bibliotecarios e Inform\u00e1ticos (USBI) se realiz\u00f3 la firma de convenios con los municipios de Poza Rica, Tuxpan, Ozuluama, Coatzintla, Tihuatl\u00e1n, Papantla, Guti\u00e9rrez Zamora, Tecolutla, Coxquihui y Zozocolco de Hidalgo.<\/p>\n<p style=\"text-align: justify;\">Los convenios establecen acuerdos para el desarrollo de programas de investigaci\u00f3n en apoyo a los municipios, recorridos de brigadas de servicio social en diferentes \u00e1reas, sobre todo en temas de salud en comunidades, entre otras en las que se apoyan con estudiantes de la UV y personal docente.<\/p>\n<figure id=\"attachment_69051\" aria-describedby=\"caption-attachment-69051\" style=\"width: 573px\" class=\"wp-caption aligncenter\"><a href=\"http:\/\/www.enteratever.com\/wp-content\/uploads\/2014\/06\/300614PozaRica20.jpg\"><img loading=\"lazy\" decoding=\"async\" class=\"size-full wp-image-69051\" src=\"http:\/\/www.enteratever.com\/wp-content\/uploads\/2014\/06\/300614PozaRica20.jpg\" alt=\"UV signa convenios con 10 Ayuntamiento de la zona norte\" width=\"573\" height=\"430\" \/><\/a><figcaption id=\"caption-attachment-69051\" class=\"wp-caption-text\">UV signa convenios con 10 Ayuntamiento de la zona norte<\/figcaption><\/figure>\n<p style=\"text-align: justify;\">Sara Ladr\u00f3n de Guevara recalc\u00f3 que son convenios generales y posteriormente se realizar\u00e1n, en caso de ser necesario, convenios de manera espec\u00edfica con cada municipio.<\/p>\n<p style=\"text-align: justify;\">Contemplan tambi\u00e9n la realizaci\u00f3n de actividades de docencia, estudios de medio ambiente y aplicaci\u00f3n de programas educativos de cada una de las \u00e1reas de la UV en municipios de esta regi\u00f3n norte de la entidad veracruzana.<\/p>\n<p style=\"text-align: justify;\">Este tipo de convenios forman parte de los ejes estrat\u00e9gicos del programa de trabajo 2013-2017 de la UV que apuesta al fortalecimiento de vinculaci\u00f3n con el medio, el Dise\u00f1o de pol\u00edticas p\u00fablicas para favorecer desarrollo regional, Fortalecimiento de la vinculaci\u00f3n con sectores gubernamental y social y la Investigaci\u00f3n y asesor\u00eda sobre desarrollo sustentable para fortalecer econom\u00edas locales.<\/p>\n<figure id=\"attachment_69048\" aria-describedby=\"caption-attachment-69048\" style=\"width: 573px\" class=\"wp-caption aligncenter\"><a href=\"http:\/\/www.enteratever.com\/wp-content\/uploads\/2014\/06\/300614PozaRica17.jpg\"><img loading=\"lazy\" decoding=\"async\" class=\"size-full wp-image-69048\" src=\"http:\/\/www.enteratever.com\/wp-content\/uploads\/2014\/06\/300614PozaRica17.jpg\" alt=\"UV signa convenios con 10 Ayuntamiento de la zona norte\" width=\"573\" height=\"430\" \/><\/a><figcaption id=\"caption-attachment-69048\" class=\"wp-caption-text\">UV signa convenios con 10 Ayuntamiento de la zona norte<\/figcaption><\/figure>\n<p style=\"text-align: justify;\">Para la firma de convenios acudieron los Alcaldes de Tuxpan, Ra\u00fal Ruiz D\u00edaz; Ozuluama, Salvador Calles Ram\u00edrez y de Guti\u00e9rrez Zamora, Mar\u00eda Leticia Del\u00f3n Capellini.<\/p>\n<p style=\"text-align: justify;\">Tambi\u00e9n como representantes de Alcaldes acudieron los sindicos de Coatzintla, Lorena L\u00f3pez Vel\u00e1zquez; Coxquihui, Jaime Vega Valencia; Papantla, Galdino Diego P\u00e9rez; Tihuatl\u00e1n, Dami\u00e1n Dur\u00e1n Andr\u00e9s; Zozocolco de Hidalgo, Roque Lobato Corona; Tecolutla, Nancy Mabel Arroyo Ruiz y de Poza Rica, In\u00e9s Adriana G\u00f3mez Garc\u00eda.<\/p>\n<p style=\"text-align: justify;\">Las autoridades municipales reiteraron agradecimiento a la rectora, Sara Ladr\u00f3n de Guevara por retomar los convenios y el apoyo para el desarrollo de las actividades de la UV en cada uno de sus municipios.<\/p>\n","protected":false},"excerpt":{"rendered":"<p>Visitas: 5Destacando que la zona norte de la entidad veracruzana es estrat\u00e9gica por sus numerosas actividades econ\u00f3micas y la necesidad de contribuir al desarrollo de la regi\u00f3n la Universidad Veracruzana (UV) sign\u00f3 convenios generales de colaboraci\u00f3n con 10 ayuntamientos en un evento encabezado por la Rectora, Sara Ladr\u00f3n de Guevara.<\/p>\n","protected":false},"author":1,"featured_media":0,"comment_status":"open","ping_status":"open","sticky":false,"template":"","format":"standard","meta":{"footnotes":""},"categories":[213],"tags":[],"class_list":{"0":"post-170499","1":"post","2":"type-post","3":"status-publish","4":"format-standard","6":"category-poza-rica"},"nelio_content":{"isAutoShareEnabled":true,"autoShareEndMode":"never","automationSources":{"useCustomSentences":false,"customSentences":[]},"followers":[],"suggestedReferences":[],"efiUrl":"","efiAlt":"","highlights":[],"permalinkQueryArgs":[],"series":[]},"_links":{"self":[{"href":"https:\/\/www.enteratever.com\/2023\/wp-json\/wp\/v2\/posts\/170499","targetHints":{"allow":["GET"]}}],"collection":[{"href":"https:\/\/www.enteratever.com\/2023\/wp-json\/wp\/v2\/posts"}],"about":[{"href":"https:\/\/www.enteratever.com\/2023\/wp-json\/wp\/v2\/types\/post"}],"author":[{"embeddable":true,"href":"https:\/\/www.enteratever.com\/2023\/wp-json\/wp\/v2\/users\/1"}],"replies":[{"embeddable":true,"href":"https:\/\/www.enteratever.com\/2023\/wp-json\/wp\/v2\/comments?post=170499"}],"version-history":[{"count":0,"href":"https:\/\/www.enteratever.com\/2023\/wp-json\/wp\/v2\/posts\/170499\/revisions"}],"wp:attachment":[{"href":"https:\/\/www.enteratever.com\/2023\/wp-json\/wp\/v2\/media?parent=170499"}],"wp:term":[{"taxonomy":"category","embeddable":true,"href":"https:\/\/www.enteratever.com\/2023\/wp-json\/wp\/v2\/categories?post=170499"},{"taxonomy":"post_tag","embeddable":true,"href":"https:\/\/www.enteratever.com\/2023\/wp-json\/wp\/v2\/tags?post=170499"}],"curies":[{"name":"wp","href":"https:\/\/api.w.org\/{rel}","templated":true}]}}