{"id":170452,"date":"2014-06-25T13:00:25","date_gmt":"2014-06-25T13:00:25","guid":{"rendered":"https:\/\/www.enteratever.com\/2023\/respalda-ip-proyecto-de-metropolizacion-de-poza-rica-y-zona-conturbada\/"},"modified":"2014-06-25T13:00:25","modified_gmt":"2014-06-25T13:00:25","slug":"respalda-ip-proyecto-de-metropolizacion-de-poza-rica-y-zona-conturbada","status":"publish","type":"post","link":"https:\/\/www.enteratever.com\/2023\/2014\/06\/25\/respalda-ip-proyecto-de-metropolizacion-de-poza-rica-y-zona-conturbada\/","title":{"rendered":"Respalda IP proyecto de metropolizaci\u00f3n de Poza Rica y zona conturbada"},"content":{"rendered":"<p>Visitas: 6<\/p><figure id=\"attachment_67920\" aria-describedby=\"caption-attachment-67920\" style=\"width: 573px\" class=\"wp-caption aligncenter\"><a href=\"http:\/\/www.enteratever.com\/wp-content\/uploads\/2014\/06\/240614PozaRica08.jpg\"><img loading=\"lazy\" decoding=\"async\" class=\"size-full wp-image-67920\" src=\"http:\/\/www.enteratever.com\/wp-content\/uploads\/2014\/06\/240614PozaRica08.jpg\" alt=\"Respalda IP proyecto de metropolizaci\u00f3n de Poza Rica y zona conturbada\" width=\"573\" height=\"430\" \/><\/a><figcaption id=\"caption-attachment-67920\" class=\"wp-caption-text\">Respalda IP proyecto de metropolizaci\u00f3n de Poza Rica y zona conturbada<\/figcaption><\/figure>\n<p style=\"text-align: justify;\">El sector empresarial respalda y considera favorable el inter\u00e9s de que Poza Rica y los municipios de la zona conturbada obtengan el nombramiento y reconocimiento como \u00e1rea metropolitana, manifest\u00f3 el Presidente del Consejo Coordinador Empresarial (CCE) regi\u00f3n norte, Leonardo Amador Rodriguez.<!--more--><\/p>\n<p style=\"text-align: justify;\">El l\u00edder empresarial calific\u00f3 esta propuesta como inteligente, razonable y favorable para que Poza Rica y los municipios de Tihuatl\u00e1n, Coatzintila, Papantla y Cazones de Herrera ingresen a los programas de zonas metropolitanas.<\/p>\n<p style=\"text-align: justify;\">Enfatiz\u00f3 la necesidad de que esta zona logre avances y progreso con una sola planeaci\u00f3n para que las obras sean m\u00e1s adecuadas y se logren beneficios de manera general para toda la regi\u00f3n, por lo que la Iniciativa Privada (IP) apoyar\u00e1 en lo que les sea requerido.<\/p>\n<p style=\"text-align: justify;\">Cabe resaltar que recientemente el Consejo de Sustentabilidad e Imagen Urbana de Poza Rica dio a conocer el inter\u00e9s por concretar el proyecto de metropolizaci\u00f3n para esta \u00e1rea conturbada, trabajo que se busca lograr de manera conjunta entre los Alcaldes de la zona.<\/p>\n<figure id=\"attachment_67921\" aria-describedby=\"caption-attachment-67921\" style=\"width: 573px\" class=\"wp-caption aligncenter\"><a href=\"http:\/\/www.enteratever.com\/wp-content\/uploads\/2014\/06\/240614PozaRica09.jpg\"><img loading=\"lazy\" decoding=\"async\" class=\"size-full wp-image-67921\" src=\"http:\/\/www.enteratever.com\/wp-content\/uploads\/2014\/06\/240614PozaRica09.jpg\" alt=\"Respalda IP proyecto de metropolizaci\u00f3n de Poza Rica y zona conturbada\" width=\"573\" height=\"430\" \/><\/a><figcaption id=\"caption-attachment-67921\" class=\"wp-caption-text\">Respalda IP proyecto de metropolizaci\u00f3n de Poza Rica y zona conturbada<\/figcaption><\/figure>\n<p style=\"text-align: justify;\">En ese sentido Leonardo Amador Rodriguez calific\u00f3 como favorable el primer semestre de las administraciones municipales en esta zona norte de la entidad veracruzana, aunque resalt\u00f3 no se han realizado obras de gran impacto social.<\/p>\n<p style=\"text-align: justify;\">\u201cVemos muy buenos prop\u00f3sitos de la mayor\u00eda de los Ayuntamientos, mucha energ\u00eda y ganas de Alcaldes, regidores y directores pero vemos que falta mucho recurso de Gobierno del Estado para el desarrollo de las obras\u201d, asever\u00f3.<\/p>\n<p style=\"text-align: justify;\">Incluso la tan anhelada reactivaci\u00f3n econ\u00f3mica, destac\u00f3, para esta zona norte no se ha dado, desde la crisis presupuestal en la industria petrolera la crisis para comerciantes, empresarios y ciudadan\u00eda en general ha aumentado.<\/p>\n<p style=\"text-align: justify;\">Recalc\u00f3 que resulta importante que las partidas estatales y federales fluyan de manera adecuada para los municipios para poder concretar los proyectos y obras necesarias para cada ciudad.<\/p>\n","protected":false},"excerpt":{"rendered":"<p>Visitas: 6El sector empresarial respalda y considera favorable el inter\u00e9s de que Poza Rica y los municipios de la zona conturbada obtengan el nombramiento y reconocimiento como \u00e1rea metropolitana, manifest\u00f3 el Presidente del Consejo Coordinador Empresarial (CCE) regi\u00f3n norte, Leonardo Amador Rodriguez.<\/p>\n","protected":false},"author":1,"featured_media":0,"comment_status":"open","ping_status":"open","sticky":false,"template":"","format":"standard","meta":{"footnotes":""},"categories":[213],"tags":[],"class_list":{"0":"post-170452","1":"post","2":"type-post","3":"status-publish","4":"format-standard","6":"category-poza-rica"},"nelio_content":{"isAutoShareEnabled":true,"autoShareEndMode":"never","automationSources":{"useCustomSentences":false,"customSentences":[]},"followers":[],"suggestedReferences":[],"efiUrl":"","efiAlt":"","highlights":[],"permalinkQueryArgs":[],"series":[]},"_links":{"self":[{"href":"https:\/\/www.enteratever.com\/2023\/wp-json\/wp\/v2\/posts\/170452","targetHints":{"allow":["GET"]}}],"collection":[{"href":"https:\/\/www.enteratever.com\/2023\/wp-json\/wp\/v2\/posts"}],"about":[{"href":"https:\/\/www.enteratever.com\/2023\/wp-json\/wp\/v2\/types\/post"}],"author":[{"embeddable":true,"href":"https:\/\/www.enteratever.com\/2023\/wp-json\/wp\/v2\/users\/1"}],"replies":[{"embeddable":true,"href":"https:\/\/www.enteratever.com\/2023\/wp-json\/wp\/v2\/comments?post=170452"}],"version-history":[{"count":0,"href":"https:\/\/www.enteratever.com\/2023\/wp-json\/wp\/v2\/posts\/170452\/revisions"}],"wp:attachment":[{"href":"https:\/\/www.enteratever.com\/2023\/wp-json\/wp\/v2\/media?parent=170452"}],"wp:term":[{"taxonomy":"category","embeddable":true,"href":"https:\/\/www.enteratever.com\/2023\/wp-json\/wp\/v2\/categories?post=170452"},{"taxonomy":"post_tag","embeddable":true,"href":"https:\/\/www.enteratever.com\/2023\/wp-json\/wp\/v2\/tags?post=170452"}],"curies":[{"name":"wp","href":"https:\/\/api.w.org\/{rel}","templated":true}]}}