{"id":170440,"date":"2014-06-24T00:30:45","date_gmt":"2014-06-24T00:30:45","guid":{"rendered":"https:\/\/www.enteratever.com\/2023\/piden-a-escuelas-respetar-calendario-escolar\/"},"modified":"2014-06-24T00:30:45","modified_gmt":"2014-06-24T00:30:45","slug":"piden-a-escuelas-respetar-calendario-escolar","status":"publish","type":"post","link":"https:\/\/www.enteratever.com\/2023\/2014\/06\/24\/piden-a-escuelas-respetar-calendario-escolar\/","title":{"rendered":"Piden a escuelas respetar calendario escolar"},"content":{"rendered":"<p>Visitas: 5<\/p><figure id=\"attachment_67651\" aria-describedby=\"caption-attachment-67651\" style=\"width: 640px\" class=\"wp-caption aligncenter\"><a href=\"http:\/\/www.enteratever.com\/wp-content\/uploads\/2014\/06\/230614PozaRica40.jpg\"><img loading=\"lazy\" decoding=\"async\" class=\"size-full wp-image-67651\" src=\"http:\/\/www.enteratever.com\/wp-content\/uploads\/2014\/06\/230614PozaRica40.jpg\" alt=\"Piden a escuelas respetar calendario escolar\" width=\"640\" height=\"408\" \/><\/a><figcaption id=\"caption-attachment-67651\" class=\"wp-caption-text\">Piden a escuelas respetar calendario escolar<\/figcaption><\/figure>\n<p style=\"text-align: justify;\">La delegaci\u00f3n regional de la Secretar\u00eda de Educaci\u00f3n en Veracruz (SEV), con sede en Poza Rica, vigilar\u00e1 que las escuelas respeten el calendario escolar y no adelanten el cierre para iniciar el periodo de vacaciones de verano, inform\u00f3 la delegada, Dulce Bauza del Mazo.<!--more--><\/p>\n<p style=\"text-align: justify;\">Ser\u00e1n un promedio de 32 mil alumnos de nivel b\u00e1sico los egresar\u00e1n en este ciclo escolar 2013-2014 y de acuerdo a Dulce Bauza del Mazo se prev\u00e9 que no haya incidentes o contratiempos para el mismo.<\/p>\n<figure id=\"attachment_67650\" aria-describedby=\"caption-attachment-67650\" style=\"width: 573px\" class=\"wp-caption aligncenter\"><a href=\"http:\/\/www.enteratever.com\/wp-content\/uploads\/2014\/06\/230614PozaRica39.jpg\"><img loading=\"lazy\" decoding=\"async\" class=\"size-full wp-image-67650\" src=\"http:\/\/www.enteratever.com\/wp-content\/uploads\/2014\/06\/230614PozaRica39.jpg\" alt=\"Piden a escuelas respetar calendario escolar\" width=\"573\" height=\"430\" \/><\/a><figcaption id=\"caption-attachment-67650\" class=\"wp-caption-text\">Piden a escuelas respetar calendario escolar<\/figcaption><\/figure>\n<p style=\"text-align: justify;\">Mientras que un promedio de 11 mil 62 docentes gozar\u00e1n de tres semanas de vacaciones, tal y como lo establece el contrato establecido para este periodo escolar.<\/p>\n<p style=\"text-align: justify;\">Enfatiz\u00f3 que se ha pedido a los directores de cada uno de los planteles educativos respetar el calendario escolar y no adelantar el cierre del ciclo escolar, por lo que se mantendr\u00e1 supervisi\u00f3n por parte de la SEV.<\/p>\n<figure id=\"attachment_67649\" aria-describedby=\"caption-attachment-67649\" style=\"width: 286px\" class=\"wp-caption aligncenter\"><a href=\"http:\/\/www.enteratever.com\/wp-content\/uploads\/2014\/06\/230614PozaRica38.jpg\"><img loading=\"lazy\" decoding=\"async\" class=\"size-full wp-image-67649\" src=\"http:\/\/www.enteratever.com\/wp-content\/uploads\/2014\/06\/230614PozaRica38.jpg\" alt=\"Piden a escuelas respetar calendario escolar\" width=\"286\" height=\"430\" \/><\/a><figcaption id=\"caption-attachment-67649\" class=\"wp-caption-text\">Piden a escuelas respetar calendario escolar<\/figcaption><\/figure>\n<p style=\"text-align: justify;\">Como en cada periodo escolar la SEV solicitar\u00e1 el apoyo de la Secretaria de Seguridad P\u00fablica para que se refuercen los operativos de vigilancia durante el periodo escolar y evitar que se cometan robos como ha sucedido en pasados temporadas vacacionales.<\/p>\n<p style=\"text-align: justify;\">Cabe se\u00f1alar que el calendario escolar establece que el cierre del actual ciclo es el pr\u00f3ximo 15 de julio de 2014 y inicio de clases est\u00e1 previsto el 18 de agosto de este mismo a\u00f1o.<\/p>\n<figure id=\"attachment_67648\" aria-describedby=\"caption-attachment-67648\" style=\"width: 489px\" class=\"wp-caption aligncenter\"><a href=\"http:\/\/www.enteratever.com\/wp-content\/uploads\/2014\/06\/230614PozaRica37.jpg\"><img loading=\"lazy\" decoding=\"async\" class=\"size-full wp-image-67648\" src=\"http:\/\/www.enteratever.com\/wp-content\/uploads\/2014\/06\/230614PozaRica37.jpg\" alt=\"Piden a escuelas respetar calendario escolar\" width=\"489\" height=\"430\" \/><\/a><figcaption id=\"caption-attachment-67648\" class=\"wp-caption-text\">Piden a escuelas respetar calendario escolar<\/figcaption><\/figure>\n<p style=\"text-align: justify;\">Son 14 municipios que atiende la delegaci\u00f3n regional de la SEV en la zona norte, m\u00e1s de 2 mil planteles educativos desde la zona de Poza Rica hasta la Sierra del Totonacapan.<\/p>\n","protected":false},"excerpt":{"rendered":"<p>Visitas: 5La delegaci\u00f3n regional de la Secretar\u00eda de Educaci\u00f3n en Veracruz (SEV), con sede en Poza Rica, vigilar\u00e1 que las escuelas respeten el calendario escolar y no adelanten el cierre para iniciar el periodo de vacaciones de verano, inform\u00f3 la delegada, Dulce Bauza del Mazo.<\/p>\n","protected":false},"author":1,"featured_media":0,"comment_status":"open","ping_status":"open","sticky":false,"template":"","format":"standard","meta":{"footnotes":""},"categories":[213],"tags":[],"class_list":{"0":"post-170440","1":"post","2":"type-post","3":"status-publish","4":"format-standard","6":"category-poza-rica"},"nelio_content":{"isAutoShareEnabled":true,"autoShareEndMode":"never","automationSources":{"useCustomSentences":false,"customSentences":[]},"followers":[],"suggestedReferences":[],"efiUrl":"","efiAlt":"","highlights":[],"permalinkQueryArgs":[],"series":[]},"_links":{"self":[{"href":"https:\/\/www.enteratever.com\/2023\/wp-json\/wp\/v2\/posts\/170440","targetHints":{"allow":["GET"]}}],"collection":[{"href":"https:\/\/www.enteratever.com\/2023\/wp-json\/wp\/v2\/posts"}],"about":[{"href":"https:\/\/www.enteratever.com\/2023\/wp-json\/wp\/v2\/types\/post"}],"author":[{"embeddable":true,"href":"https:\/\/www.enteratever.com\/2023\/wp-json\/wp\/v2\/users\/1"}],"replies":[{"embeddable":true,"href":"https:\/\/www.enteratever.com\/2023\/wp-json\/wp\/v2\/comments?post=170440"}],"version-history":[{"count":0,"href":"https:\/\/www.enteratever.com\/2023\/wp-json\/wp\/v2\/posts\/170440\/revisions"}],"wp:attachment":[{"href":"https:\/\/www.enteratever.com\/2023\/wp-json\/wp\/v2\/media?parent=170440"}],"wp:term":[{"taxonomy":"category","embeddable":true,"href":"https:\/\/www.enteratever.com\/2023\/wp-json\/wp\/v2\/categories?post=170440"},{"taxonomy":"post_tag","embeddable":true,"href":"https:\/\/www.enteratever.com\/2023\/wp-json\/wp\/v2\/tags?post=170440"}],"curies":[{"name":"wp","href":"https:\/\/api.w.org\/{rel}","templated":true}]}}