{"id":170439,"date":"2014-06-23T23:35:15","date_gmt":"2014-06-23T23:35:15","guid":{"rendered":"https:\/\/www.enteratever.com\/2023\/festeja-pozarricense-el-pase-de-mexico-a-octavos-de-final\/"},"modified":"2014-06-23T23:35:15","modified_gmt":"2014-06-23T23:35:15","slug":"festeja-pozarricense-el-pase-de-mexico-a-octavos-de-final","status":"publish","type":"post","link":"https:\/\/www.enteratever.com\/2023\/2014\/06\/23\/festeja-pozarricense-el-pase-de-mexico-a-octavos-de-final\/","title":{"rendered":"Festejan pozarricenses el pase de M\u00e9xico a octavos de final"},"content":{"rendered":"<p>Visitas: 5<\/p><p><img loading=\"lazy\" decoding=\"async\" class=\"aligncenter size-full wp-image-67624\" src=\"http:\/\/www.enteratever.com\/wp-content\/uploads\/2014\/06\/DSCN9624.jpg\" alt=\"???????????????????????????????\" width=\"333\" height=\"430\" \/><\/p>\n<p style=\"text-align: justify;\">\u201cEst\u00e1 perro\u201d, dijo un aficionado.\u00a0 No se refer\u00eda a Rafa M\u00e1rquez, Ni Memo Ochoa, ni ha el equipo de Holanda, sino, efectivamente, a un perro diminuto que muy orondo se paseaba en medio de la multitud con su (\u00e9l tambi\u00e9n) camiseta verde de la selecci\u00f3n mexicana de futbol.<!--more--><\/p>\n<p style=\"text-align: justify;\">El can estaba en medio del festejo como uno de los personajes m\u00e1s llamativos del momento. En el reloj de La Paz, decenas de aficionados festejaron que M\u00e9xico pas\u00f3 a la ronda de octavos de final en la Copa Mundial de la FIFA, Brasil 2014.<\/p>\n<p style=\"text-align: justify;\">\u201cAy, ay, ay, ay canta y no llores\u201d\u00a0 cantaban los aficionados al futbol que bajo una enorme bandera de M\u00e9xico bailaban y disfrutaban. En ese momento nada importaba, ni el calor, ni la crisis econ\u00f3mica, ni las reformas estructurales, ni la falta de inversi\u00f3n en la industria petrolera. Nada. Nada, s\u00f3lo importaba la alegr\u00eda.<\/p>\n<p style=\"text-align: justify;\">Un par de jovencitas ataviadas con la camisa verde encabezaban una batucada, \u00a0que detr\u00e1s de ellas marcaba el ritmo de la tarde, un muchacho sobre su motocicleta hac\u00eda sonar el claxon. Una camioneta roja se detiene, sobre el toldo, por el quemacocos un ni\u00f1o asoma su cabeza y mira con asombro a la multitud. Nadie pita, a nadie le molesta que el veh\u00edculo interrumpa el tr\u00e1fico, detr\u00e1s otro coche se detiene y atr\u00e1s de \u00e9ste uno m\u00e1s.<\/p>\n<p style=\"text-align: justify;\">Hay un solo carril abierto en ambos sentido de Ruiz Cortinez. En 20 de Noviembre y sobre Puebla el tr\u00e1nsito comienza a hacerse lento. Nadie parece molestarse por este hecho. Todos son tolerantes con los que festejan, es m\u00e1s hacen sonar el claxon mostrando su simpat\u00eda.<\/p>\n<p style=\"text-align: justify;\">En la glorieta del Reloj de la Paz, \u00a0hay m\u00e1s, mucho m\u00e1s gente y siguen llegando. Est\u00e1n los reporteros, las locutoras de la radio transmitiendo en vivo, hay un luchador, un vendedor ambulante que aprovecha para ofrecer camisas de la selecci\u00f3n a 100 pesos \u201ces la \u00faltima que me queda, jefe\u201d. Nadie se le compra.<\/p>\n<p style=\"text-align: justify;\">Los aficionados ahora as\u00ed llegaron a festejar, no se atrevieron a hacerlo despu\u00e9s del triunfo con Camer\u00fan, cuando apenas llegaron unos 15 muchachos, \u00a0y mucho menos luego del empate contra Brasil, pero ahora s\u00ed, no era para menos, el mejor juego de M\u00e9xico en la Copa.<\/p>\n<p style=\"text-align: justify;\">Y llegaron ganas de gritar, de decir \u201ceeeeehhhhh\u2026 puuutooo\u201d, de cantar el Cielito Lindo o el ol\u00e9, ol\u00e9, ol\u00e9.<\/p>\n<p style=\"text-align: justify;\">No faltaba quien hablara de Rafael M\u00e1rquez, de Memo Ochoa, del Chicharito \u2013 \u201cahora s\u00ed, a ver si ya despierta con ese gol\u201d- , de la FIFA y de Holanda \u201cEse s\u00ed est\u00e1 perro\u201d, dijo el aficionado, pero se refer\u00eda a un can diminuto que, muy orgulloso, se paseaba en medio de la multitud, con su camisita verde.<\/p>\n\n","protected":false},"excerpt":{"rendered":"<p>Visitas: 5 \u201cEst\u00e1 perro\u201d, dijo un aficionado.\u00a0 No se refer\u00eda a Rafa M\u00e1rquez, Ni Memo Ochoa, ni ha el equipo de Holanda, sino, efectivamente, a un perro diminuto que muy orondo se paseaba en medio de la multitud con su (\u00e9l tambi\u00e9n) camiseta verde de la selecci\u00f3n mexicana de futbol.<\/p>\n","protected":false},"author":1,"featured_media":0,"comment_status":"open","ping_status":"open","sticky":false,"template":"","format":"standard","meta":{"footnotes":""},"categories":[213],"tags":[],"class_list":{"0":"post-170439","1":"post","2":"type-post","3":"status-publish","4":"format-standard","6":"category-poza-rica"},"nelio_content":{"isAutoShareEnabled":true,"autoShareEndMode":"never","automationSources":{"useCustomSentences":false,"customSentences":[]},"followers":[],"suggestedReferences":[],"efiUrl":"","efiAlt":"","highlights":[],"permalinkQueryArgs":[],"series":[]},"_links":{"self":[{"href":"https:\/\/www.enteratever.com\/2023\/wp-json\/wp\/v2\/posts\/170439","targetHints":{"allow":["GET"]}}],"collection":[{"href":"https:\/\/www.enteratever.com\/2023\/wp-json\/wp\/v2\/posts"}],"about":[{"href":"https:\/\/www.enteratever.com\/2023\/wp-json\/wp\/v2\/types\/post"}],"author":[{"embeddable":true,"href":"https:\/\/www.enteratever.com\/2023\/wp-json\/wp\/v2\/users\/1"}],"replies":[{"embeddable":true,"href":"https:\/\/www.enteratever.com\/2023\/wp-json\/wp\/v2\/comments?post=170439"}],"version-history":[{"count":0,"href":"https:\/\/www.enteratever.com\/2023\/wp-json\/wp\/v2\/posts\/170439\/revisions"}],"wp:attachment":[{"href":"https:\/\/www.enteratever.com\/2023\/wp-json\/wp\/v2\/media?parent=170439"}],"wp:term":[{"taxonomy":"category","embeddable":true,"href":"https:\/\/www.enteratever.com\/2023\/wp-json\/wp\/v2\/categories?post=170439"},{"taxonomy":"post_tag","embeddable":true,"href":"https:\/\/www.enteratever.com\/2023\/wp-json\/wp\/v2\/tags?post=170439"}],"curies":[{"name":"wp","href":"https:\/\/api.w.org\/{rel}","templated":true}]}}