{"id":170436,"date":"2014-06-23T23:44:41","date_gmt":"2014-06-23T23:44:41","guid":{"rendered":"https:\/\/www.enteratever.com\/2023\/acercan-a-los-ninos-al-patrimonio-arqueologico-de-poza-rica-y-la-region\/"},"modified":"2014-06-23T23:44:41","modified_gmt":"2014-06-23T23:44:41","slug":"acercan-a-los-ninos-al-patrimonio-arqueologico-de-poza-rica-y-la-region","status":"publish","type":"post","link":"https:\/\/www.enteratever.com\/2023\/2014\/06\/23\/acercan-a-los-ninos-al-patrimonio-arqueologico-de-poza-rica-y-la-region\/","title":{"rendered":"Acercan a los ni\u00f1os al patrimonio arqueol\u00f3gico de Poza Rica y la regi\u00f3n"},"content":{"rendered":"<p>Visitas: 5<\/p><figure id=\"attachment_67551\" aria-describedby=\"caption-attachment-67551\" style=\"width: 573px\" class=\"wp-caption aligncenter\"><a href=\"http:\/\/www.enteratever.com\/wp-content\/uploads\/2014\/06\/230614PozaRica29.jpg\"><img loading=\"lazy\" decoding=\"async\" class=\"size-full wp-image-67551\" src=\"http:\/\/www.enteratever.com\/wp-content\/uploads\/2014\/06\/230614PozaRica29.jpg\" alt=\"Acercan a los ni\u00f1os al patrimonio arqueol\u00f3gico de Poza Rica y la regi\u00f3n\" width=\"573\" height=\"430\" \/><\/a><figcaption id=\"caption-attachment-67551\" class=\"wp-caption-text\">Acercan a los ni\u00f1os al patrimonio arqueol\u00f3gico de Poza Rica y la regi\u00f3n<\/figcaption><\/figure>\n<p style=\"text-align: justify;\">Que los ni\u00f1os conozcan el patrimonio cultural de la zona norte de Veracruz y en particular de Poza Rica es el objetivo del Ayuntamiento de Poza Rica que, \u00a0en coordinaci\u00f3n con el Instituto Nacional de Antropolog\u00eda e Historia, ha iniciado una serie de conferencias dirigidas a los estudiantes de primarias.<!--more--><\/p>\n<p style=\"text-align: justify;\">Este lunes comenz\u00f3 el proyecto con la participaci\u00f3n de Ana Elba Alfani Cazar\u00edn encargada de difusi\u00f3n cultural zona arqueol\u00f3gica del Taj\u00edn, quien en el auditorio municipal, Rafael Hern\u00e1ndez Ochoa, dio una conferencia sobre la riqueza cultural de la regi\u00f3n.<\/p>\n<p style=\"text-align: justify;\">La directora de Educaci\u00f3n Dulce Mar\u00eda Carpizo dijo que la intenci\u00f3n de este tipo de eventos es comenzar a preparar a los ni\u00f1os para que se acerquen a este tipo de temas ya que pronto Poza Rica tendr\u00e1 su zona arqueol\u00f3gica, Noqhl\u00e1, que est\u00e1 en tr\u00e1mite de obtener la autorizaci\u00f3n de INAH para comenzar a ser rescatada.<\/p>\n<p style=\"text-align: justify;\">En ese sentido la directora de educaci\u00f3n refiri\u00f3 que precisamente el ayuntamiento realiza los tr\u00e1mites necesarios ante el INAH y adelant\u00f3 que \u00a0pr\u00f3ximamente los especialistas que estudian Noqlh\u00e1 van a realizar sus propias visitas a los ni\u00f1os a fin de sensibilizarlos sobre este importante sitio arqueol\u00f3gico que combina vestigios Huastecos y de la cultura Taj\u00edn.<\/p>\n","protected":false},"excerpt":{"rendered":"<p>Visitas: 5Que los ni\u00f1os conozcan el patrimonio cultural de la zona norte de Veracruz y en particular de Poza Rica es el objetivo del Ayuntamiento de Poza Rica que, \u00a0en coordinaci\u00f3n con el Instituto Nacional de Antropolog\u00eda e Historia, ha iniciado una serie de conferencias dirigidas a los estudiantes de primarias.<\/p>\n","protected":false},"author":1,"featured_media":0,"comment_status":"open","ping_status":"open","sticky":false,"template":"","format":"standard","meta":{"footnotes":""},"categories":[213],"tags":[],"class_list":{"0":"post-170436","1":"post","2":"type-post","3":"status-publish","4":"format-standard","6":"category-poza-rica"},"nelio_content":{"isAutoShareEnabled":true,"autoShareEndMode":"never","automationSources":{"useCustomSentences":false,"customSentences":[]},"followers":[],"suggestedReferences":[],"efiUrl":"","efiAlt":"","highlights":[],"permalinkQueryArgs":[],"series":[]},"_links":{"self":[{"href":"https:\/\/www.enteratever.com\/2023\/wp-json\/wp\/v2\/posts\/170436","targetHints":{"allow":["GET"]}}],"collection":[{"href":"https:\/\/www.enteratever.com\/2023\/wp-json\/wp\/v2\/posts"}],"about":[{"href":"https:\/\/www.enteratever.com\/2023\/wp-json\/wp\/v2\/types\/post"}],"author":[{"embeddable":true,"href":"https:\/\/www.enteratever.com\/2023\/wp-json\/wp\/v2\/users\/1"}],"replies":[{"embeddable":true,"href":"https:\/\/www.enteratever.com\/2023\/wp-json\/wp\/v2\/comments?post=170436"}],"version-history":[{"count":0,"href":"https:\/\/www.enteratever.com\/2023\/wp-json\/wp\/v2\/posts\/170436\/revisions"}],"wp:attachment":[{"href":"https:\/\/www.enteratever.com\/2023\/wp-json\/wp\/v2\/media?parent=170436"}],"wp:term":[{"taxonomy":"category","embeddable":true,"href":"https:\/\/www.enteratever.com\/2023\/wp-json\/wp\/v2\/categories?post=170436"},{"taxonomy":"post_tag","embeddable":true,"href":"https:\/\/www.enteratever.com\/2023\/wp-json\/wp\/v2\/tags?post=170436"}],"curies":[{"name":"wp","href":"https:\/\/api.w.org\/{rel}","templated":true}]}}